{"id":35552,"date":"2025-06-16T15:16:07","date_gmt":"2025-06-16T12:16:07","guid":{"rendered":"https:\/\/www.egemtv.com\/?p=35552"},"modified":"2025-06-16T15:16:12","modified_gmt":"2025-06-16T12:16:12","slug":"datcada-egitim-yoneticilerine-basari-belgesi-takdim-edildi","status":"publish","type":"post","link":"https:\/\/www.egemtv.com\/?p=35552","title":{"rendered":"Dat\u00e7a\u2019da e\u011fitim y\u00f6neticilerine ba\u015far\u0131 belgesi takdim edildi"},"content":{"rendered":"<p>Mu\u011fla\u2019n\u0131n Dat\u00e7a il\u00e7esinde, 2024-2025 e\u011fitim-\u00f6\u011fretim y\u0131l\u0131nda sergiledikleri \u00f6zverili \u00e7al\u0131\u015fmalar nedeniyle e\u011fitim y\u00f6neticilerine ba\u015far\u0131 belgeleri takdim edildi.<\/p>\n<p>Dat\u00e7a Kaymakam\u0131 Murat At\u0131c\u0131\u2019n\u0131n makam\u0131nda d\u00fczenlenen t\u00f6rende, 2024-2025 E\u011fitim-\u00d6\u011fretim y\u0131l\u0131nda sergiledikleri \u00f6zverili \u00e7al\u0131\u015fmalardan dolay\u0131, \u0130l\u00e7e Milli E\u011fitim M\u00fcd\u00fcr\u00fc B\u00fclent Aldal, \u015eube M\u00fcd\u00fcrleri Erdo\u011fan Ba\u015far ve Funda Arslan ile birlikte il\u00e7ede g\u00f6rev yapan t\u00fcm e\u011fitim y\u00f6neticilerine ba\u015far\u0131 belgesi takdim edildi. T\u00f6rende, \u2019\u0130ltifat, marifete tabidir\u2019 anlay\u0131\u015f\u0131yla hareket edilerek, e\u011fitime katk\u0131 sunan y\u00f6netici kadrolar\u0131n\u0131n emekleri takdir edildi. Milli E\u011fitim M\u00fcd\u00fcr\u00fc B\u00fclent Aldal\u2019\u0131n teklifiyle ve Kaymakam Murat At\u0131c\u0131\u2019n\u0131n takdirleriyle  verilen ba\u015far\u0131 belgeleri, y\u00f6neticilere moral ve motivasyon kayna\u011f\u0131 oldu. Kaymakam Murat At\u0131c\u0131 belge takdimi s\u0131ras\u0131nda yapt\u0131\u011f\u0131 konu\u015fmada, e\u011fitim y\u00f6neticilerinin il\u00e7enin e\u011fitim kalitesine sundu\u011fu katk\u0131n\u0131n \u00f6nemine vurgu yaparak kendilerine te\u015fekk\u00fcr etti ve ba\u015far\u0131lar\u0131n\u0131n devam\u0131n\u0131 diledi.<br \/><\/p>\n","protected":false},"excerpt":{"rendered":"<p>Mu\u011fla\u2019n\u0131n Dat\u00e7a il\u00e7esinde, 2024-2025 e\u011fitim-\u00f6\u011fretim y\u0131l\u0131nda sergiledikleri \u00f6zverili \u00e7al\u0131\u015fmalar nedeniyle e\u011fitim y\u00f6neticilerine ba\u015far\u0131 belgeleri takdim edildi. Dat\u00e7a Kaymakam\u0131 Murat At\u0131c\u0131\u2019n\u0131n makam\u0131nda d\u00fczenlenen t\u00f6rende, 2024-2025 E\u011fitim-\u00d6\u011fretim y\u0131l\u0131nda sergiledikleri \u00f6zverili \u00e7al\u0131\u015fmalardan dolay\u0131, \u0130l\u00e7e Milli E\u011fitim M\u00fcd\u00fcr\u00fc B\u00fclent Aldal, \u015eube M\u00fcd\u00fcrleri Erdo\u011fan Ba\u015far ve Funda Arslan ile birlikte il\u00e7ede g\u00f6rev yapan t\u00fcm e\u011fitim y\u00f6neticilerine ba\u015far\u0131 belgesi takdim edildi&#8230;.<\/p>\n","protected":false},"author":1,"featured_media":35553,"comment_status":"open","ping_status":"open","sticky":false,"template":"","format":"standard","meta":{"_crdt_document":"","footnotes":""},"categories":[1],"tags":[],"class_list":["post-35552","post","type-post","status-publish","format-standard","has-post-thumbnail","hentry","category-guncel"],"_links":{"self":[{"href":"https:\/\/www.egemtv.com\/index.php?rest_route=\/wp\/v2\/posts\/35552","targetHints":{"allow":["GET"]}}],"collection":[{"href":"https:\/\/www.egemtv.com\/index.php?rest_route=\/wp\/v2\/posts"}],"about":[{"href":"https:\/\/www.egemtv.com\/index.php?rest_route=\/wp\/v2\/types\/post"}],"author":[{"embeddable":true,"href":"https:\/\/www.egemtv.com\/index.php?rest_route=\/wp\/v2\/users\/1"}],"replies":[{"embeddable":true,"href":"https:\/\/www.egemtv.com\/index.php?rest_route=%2Fwp%2Fv2%2Fcomments&post=35552"}],"version-history":[{"count":1,"href":"https:\/\/www.egemtv.com\/index.php?rest_route=\/wp\/v2\/posts\/35552\/revisions"}],"predecessor-version":[{"id":35554,"href":"https:\/\/www.egemtv.com\/index.php?rest_route=\/wp\/v2\/posts\/35552\/revisions\/35554"}],"wp:featuredmedia":[{"embeddable":true,"href":"https:\/\/www.egemtv.com\/index.php?rest_route=\/wp\/v2\/media\/35553"}],"wp:attachment":[{"href":"https:\/\/www.egemtv.com\/index.php?rest_route=%2Fwp%2Fv2%2Fmedia&parent=35552"}],"wp:term":[{"taxonomy":"category","embeddable":true,"href":"https:\/\/www.egemtv.com\/index.php?rest_route=%2Fwp%2Fv2%2Fcategories&post=35552"},{"taxonomy":"post_tag","embeddable":true,"href":"https:\/\/www.egemtv.com\/index.php?rest_route=%2Fwp%2Fv2%2Ftags&post=35552"}],"curies":[{"name":"wp","href":"https:\/\/api.w.org\/{rel}","templated":true}]}}