{"id":35549,"date":"2025-06-16T15:16:05","date_gmt":"2025-06-16T12:16:05","guid":{"rendered":"https:\/\/www.egemtv.com\/?p=35549"},"modified":"2025-06-16T15:16:07","modified_gmt":"2025-06-16T12:16:07","slug":"oltaya-takilan-kemane-baligi-denize-birakildi","status":"publish","type":"post","link":"https:\/\/www.egemtv.com\/?p=35549","title":{"rendered":"Oltaya tak\u0131lan kemane bal\u0131\u011f\u0131 denize b\u0131rak\u0131ld\u0131"},"content":{"rendered":"<p>Mu\u011fla\u2019n\u0131n Milas il\u00e7esinde oltayla yakalanan koruma alt\u0131ndaki kemane bal\u0131\u011f\u0131 yeniden denize b\u0131rak\u0131ld\u0131.<br \/>\n<br \/>Milas\u2019a ba\u011fl\u0131 K\u0131y\u0131k\u0131\u015flac\u0131k Mahallesi a\u00e7\u0131klar\u0131nda e\u015fiyle birlikte bal\u0131k tutan bir vatanda\u015f\u0131n oltas\u0131na, t\u00fcr\u00fc koruma alt\u0131ndaki kemane bal\u0131\u011f\u0131 tak\u0131ld\u0131. Bal\u0131\u011f\u0131 yakalay\u0131p hat\u0131ra foto\u011fraf\u0131 \u00e7ektiren \u00e7iftin, duyarl\u0131 davranarak bal\u0131\u011f\u0131 yeniden denize b\u0131rakt\u0131\u011f\u0131 \u00f6\u011frenildi.<br \/><\/p>\n","protected":false},"excerpt":{"rendered":"<p>Mu\u011fla\u2019n\u0131n Milas il\u00e7esinde oltayla yakalanan koruma alt\u0131ndaki kemane bal\u0131\u011f\u0131 yeniden denize b\u0131rak\u0131ld\u0131. Milas\u2019a ba\u011fl\u0131 K\u0131y\u0131k\u0131\u015flac\u0131k Mahallesi a\u00e7\u0131klar\u0131nda e\u015fiyle birlikte bal\u0131k tutan bir vatanda\u015f\u0131n oltas\u0131na, t\u00fcr\u00fc koruma alt\u0131ndaki kemane bal\u0131\u011f\u0131 tak\u0131ld\u0131. Bal\u0131\u011f\u0131 yakalay\u0131p hat\u0131ra foto\u011fraf\u0131 \u00e7ektiren \u00e7iftin, duyarl\u0131 davranarak bal\u0131\u011f\u0131 yeniden denize b\u0131rakt\u0131\u011f\u0131 \u00f6\u011frenildi.<\/p>\n","protected":false},"author":1,"featured_media":35550,"comment_status":"open","ping_status":"open","sticky":false,"template":"","format":"standard","meta":{"_crdt_document":"","footnotes":""},"categories":[1],"tags":[],"class_list":["post-35549","post","type-post","status-publish","format-standard","has-post-thumbnail","hentry","category-guncel"],"_links":{"self":[{"href":"https:\/\/www.egemtv.com\/index.php?rest_route=\/wp\/v2\/posts\/35549","targetHints":{"allow":["GET"]}}],"collection":[{"href":"https:\/\/www.egemtv.com\/index.php?rest_route=\/wp\/v2\/posts"}],"about":[{"href":"https:\/\/www.egemtv.com\/index.php?rest_route=\/wp\/v2\/types\/post"}],"author":[{"embeddable":true,"href":"https:\/\/www.egemtv.com\/index.php?rest_route=\/wp\/v2\/users\/1"}],"replies":[{"embeddable":true,"href":"https:\/\/www.egemtv.com\/index.php?rest_route=%2Fwp%2Fv2%2Fcomments&post=35549"}],"version-history":[{"count":1,"href":"https:\/\/www.egemtv.com\/index.php?rest_route=\/wp\/v2\/posts\/35549\/revisions"}],"predecessor-version":[{"id":35551,"href":"https:\/\/www.egemtv.com\/index.php?rest_route=\/wp\/v2\/posts\/35549\/revisions\/35551"}],"wp:featuredmedia":[{"embeddable":true,"href":"https:\/\/www.egemtv.com\/index.php?rest_route=\/wp\/v2\/media\/35550"}],"wp:attachment":[{"href":"https:\/\/www.egemtv.com\/index.php?rest_route=%2Fwp%2Fv2%2Fmedia&parent=35549"}],"wp:term":[{"taxonomy":"category","embeddable":true,"href":"https:\/\/www.egemtv.com\/index.php?rest_route=%2Fwp%2Fv2%2Fcategories&post=35549"},{"taxonomy":"post_tag","embeddable":true,"href":"https:\/\/www.egemtv.com\/index.php?rest_route=%2Fwp%2Fv2%2Ftags&post=35549"}],"curies":[{"name":"wp","href":"https:\/\/api.w.org\/{rel}","templated":true}]}}