{"id":35546,"date":"2025-06-16T14:56:18","date_gmt":"2025-06-16T11:56:18","guid":{"rendered":"https:\/\/www.egemtv.com\/?p=35546"},"modified":"2025-06-16T14:56:22","modified_gmt":"2025-06-16T11:56:22","slug":"buyuksehir-dolu-felaketinin-yaralarini-sariyor","status":"publish","type":"post","link":"https:\/\/www.egemtv.com\/?p=35546","title":{"rendered":"B\u00fcy\u00fck\u015fehir, dolu felaketinin yaralar\u0131n\u0131 sar\u0131yor"},"content":{"rendered":"<p>Mu\u011fla B\u00fcy\u00fck\u015fehir Belediyesi, Mente\u015fe\u2019nin Esen\u00e7ay Mahallesi\u2019nde dolu ya\u011f\u0131\u015f\u0131 nedeniyle zarara u\u011frayan \u00fcreticilere g\u00fcbre desteklemesi yaparak yaralar\u0131n\u0131 sar\u0131yor.<br \/>\n<br \/>Mu\u011fla B\u00fcy\u00fck\u015fehir Belediyesi, do\u011fal afetler kar\u015f\u0131s\u0131nda zarar g\u00f6ren \u00fcreticilerin ma\u011fduriyetini en aza indirmek i\u00e7in destek \u00e7al\u0131\u015fmalar\u0131n\u0131 s\u00fcrd\u00fcr\u00fcyor.  B\u00fcy\u00fck\u015fehir Belediyesi, Mente\u015fe\u2019nin Esen\u00e7ay Mahallesi\u2019nde 29 May\u0131s Cuma g\u00fcn\u00fc etkili olan yo\u011fun dolu ya\u011f\u0131\u015f\u0131n\u0131n ard\u0131ndan, tar\u0131m alanlar\u0131nda meydana gelen zararlar\u0131 en aza indirmek i\u00e7in \u00fcreticilere g\u00fcbre desteklemesi yapt\u0131.<br \/>\n<br \/>Dolu sonras\u0131 b\u00f6lgede h\u0131zl\u0131 bir \u015fekilde zarar tespit \u00e7al\u0131\u015fmalar\u0131na ba\u015flayan B\u00fcy\u00fck\u015fehir Belediyesi, yapt\u0131\u011f\u0131 incelemelerde 131 \u00fcreticiye ait yakla\u015f\u0131k 800 dekar tar\u0131m arazisinin doludan etkilendi\u011fini belirledi.<br \/>\n<br \/>B\u00fcy\u00fck\u015fehir\u2019den \u00fcreticiye nefes ald\u0131ran destek<br \/>\n<br \/>Zarar g\u00f6ren bitkilerin iyile\u015fme s\u00fcrecini h\u0131zland\u0131rmak, bitki stresini azaltmak ve verimlili\u011fi art\u0131rmak amac\u0131yla aminoasit i\u00e7erikli g\u00fcbre deste\u011fi sa\u011flayan B\u00fcy\u00fck\u015fehir Belediyesi, \u00fcreticilere verdi\u011fi bu destekle birlikte g\u00fcbreleme \u00e7al\u0131\u015fmalar\u0131na da ba\u015flad\u0131. Uygulaman\u0131n 2 hafta arayla, hasada 10 g\u00fcn kalana kadar devam edece\u011fi \u00f6\u011frenildi.<br \/>\n<br \/>\u00dcretici Mehmet \u015eahin: &#8220;Mu\u011fla B\u00fcy\u00fck\u015fehir Belediyesi\u2019nden ekiplerimiz geldik, bak\u0131ld\u0131, incelemelerde bulundu. Mu\u011fla B\u00fcy\u00fck\u015fehir Belediye Ba\u015fkan\u0131 Ahmet Aras Bey\u2019e \u00e7ok te\u015fekk\u00fcr ediyoruz. \u00dcreticinin yan\u0131nda oldu\u011fundan dolay\u0131&#8221; dedi.<br \/>\n<br \/>Mu\u011fla B\u00fcy\u00fck\u015fehir Belediyesi\u2019nde g\u00f6revli Ziraat M\u00fchendisi Serkan Y\u0131lmaz, &#8220;Bu mahallemizde bundan 10 g\u00fcn evvel dolu zarar\u0131 tespit edildi. Buna ba\u011fl\u0131 olarak b\u00f6lgede \u00e7al\u0131\u015fmalar yapt\u0131k. Ekiplerimiz zarar g\u00f6ren bitkilerin ne oldu\u011funa dair \u00e7al\u0131\u015fmalar y\u00fcr\u00fctt\u00fc. Bu bitkiler t\u00fct\u00fcn, zeytin a\u011fa\u00e7lar\u0131 ve tah\u0131l grubu bitkiler. Dolay\u0131s\u0131yla zarar g\u00f6ren bitkilerin toparlanmas\u0131 i\u00e7in bir tak\u0131m uygulamalar yapmak gerekiyordu. Uygulamalar i\u00e7erisinde s\u0131v\u0131 g\u00fcbre uygulamas\u0131 yap\u0131lmas\u0131na dair \u00e7al\u0131\u015fmalar y\u00fcr\u00fctt\u00fck. Bu s\u00fcre zarf\u0131nda bitkinin verimle ilgili daha kaliteli bir \u00fcr\u00fcn\u00fc vermesine dair destek sa\u011flanm\u0131\u015f olacak&#8221; dedi.<br \/>\n<br \/>Tar\u0131m\u0131n s\u00fcrd\u00fcr\u00fclebilirli\u011fini sa\u011flamak ve \u00fcreticinin eme\u011fini korumak ad\u0131na \u00e7al\u0131\u015fmalar\u0131n\u0131 s\u00fcrd\u00fcrd\u00fcklerini kaydeden K\u0131y\u0131 Ege Belediyeler Birli\u011fi ve Mu\u011fla B\u00fcy\u00fck\u015fehir Belediye Ba\u015fkan\u0131 Ahmet Aras, Mu\u011fla\u2019n\u0131n bereketli topraklar\u0131nda emek veren \u00fcreticilerin her zaman yan\u0131nda olduklar\u0131n\u0131, dolu ya\u011f\u0131\u015f\u0131 sonras\u0131 tarlalar\u0131 zarar g\u00f6ren \u00fcreticilerin acil ihtiya\u00e7lar\u0131na h\u0131zla cevap verdiklerini a\u00e7\u0131klad\u0131.<br \/><\/p>\n","protected":false},"excerpt":{"rendered":"<p>Mu\u011fla B\u00fcy\u00fck\u015fehir Belediyesi, Mente\u015fe\u2019nin Esen\u00e7ay Mahallesi\u2019nde dolu ya\u011f\u0131\u015f\u0131 nedeniyle zarara u\u011frayan \u00fcreticilere g\u00fcbre desteklemesi yaparak yaralar\u0131n\u0131 sar\u0131yor. Mu\u011fla B\u00fcy\u00fck\u015fehir Belediyesi, do\u011fal afetler kar\u015f\u0131s\u0131nda zarar g\u00f6ren \u00fcreticilerin ma\u011fduriyetini en aza indirmek i\u00e7in destek \u00e7al\u0131\u015fmalar\u0131n\u0131 s\u00fcrd\u00fcr\u00fcyor. B\u00fcy\u00fck\u015fehir Belediyesi, Mente\u015fe\u2019nin Esen\u00e7ay Mahallesi\u2019nde 29 May\u0131s Cuma g\u00fcn\u00fc etkili olan yo\u011fun dolu ya\u011f\u0131\u015f\u0131n\u0131n ard\u0131ndan, tar\u0131m alanlar\u0131nda meydana gelen zararlar\u0131 en&#8230;<\/p>\n","protected":false},"author":1,"featured_media":35547,"comment_status":"open","ping_status":"open","sticky":false,"template":"","format":"standard","meta":{"_crdt_document":"","footnotes":""},"categories":[1],"tags":[],"class_list":["post-35546","post","type-post","status-publish","format-standard","has-post-thumbnail","hentry","category-guncel"],"_links":{"self":[{"href":"https:\/\/www.egemtv.com\/index.php?rest_route=\/wp\/v2\/posts\/35546","targetHints":{"allow":["GET"]}}],"collection":[{"href":"https:\/\/www.egemtv.com\/index.php?rest_route=\/wp\/v2\/posts"}],"about":[{"href":"https:\/\/www.egemtv.com\/index.php?rest_route=\/wp\/v2\/types\/post"}],"author":[{"embeddable":true,"href":"https:\/\/www.egemtv.com\/index.php?rest_route=\/wp\/v2\/users\/1"}],"replies":[{"embeddable":true,"href":"https:\/\/www.egemtv.com\/index.php?rest_route=%2Fwp%2Fv2%2Fcomments&post=35546"}],"version-history":[{"count":1,"href":"https:\/\/www.egemtv.com\/index.php?rest_route=\/wp\/v2\/posts\/35546\/revisions"}],"predecessor-version":[{"id":35548,"href":"https:\/\/www.egemtv.com\/index.php?rest_route=\/wp\/v2\/posts\/35546\/revisions\/35548"}],"wp:featuredmedia":[{"embeddable":true,"href":"https:\/\/www.egemtv.com\/index.php?rest_route=\/wp\/v2\/media\/35547"}],"wp:attachment":[{"href":"https:\/\/www.egemtv.com\/index.php?rest_route=%2Fwp%2Fv2%2Fmedia&parent=35546"}],"wp:term":[{"taxonomy":"category","embeddable":true,"href":"https:\/\/www.egemtv.com\/index.php?rest_route=%2Fwp%2Fv2%2Fcategories&post=35546"},{"taxonomy":"post_tag","embeddable":true,"href":"https:\/\/www.egemtv.com\/index.php?rest_route=%2Fwp%2Fv2%2Ftags&post=35546"}],"curies":[{"name":"wp","href":"https:\/\/api.w.org\/{rel}","templated":true}]}}