{"id":35543,"date":"2025-06-16T14:38:25","date_gmt":"2025-06-16T11:38:25","guid":{"rendered":"https:\/\/www.egemtv.com\/?p=35543"},"modified":"2025-06-16T14:38:31","modified_gmt":"2025-06-16T11:38:31","slug":"milasta-trafik-kazasi-1-yarali-3","status":"publish","type":"post","link":"https:\/\/www.egemtv.com\/?p=35543","title":{"rendered":"Milas\u2019ta trafik kazas\u0131: 1 yaral\u0131"},"content":{"rendered":"<p>Mu\u011fla\u2019n\u0131n Milas il\u00e7esinde meydana gelen trafik kazas\u0131nda bir ki\u015fi yaraland\u0131.<\/p>\n<p>Kaza, Milas-S\u00f6ke Karayolu \u00fczerindeki TOK\u0130 kav\u015fa\u011f\u0131nda ger\u00e7ekle\u015fti. Edinilen bilgiye g\u00f6re, S\u00f6ke istikametine do\u011fru seyir halinde olan 09 APB 032 plakal\u0131 otomobil, hen\u00fcz belirlenemeyen bir nedenle s\u00fcr\u00fcc\u00fcs\u00fcn\u00fcn direksiyon hakimiyetini kaybetmesi sonucu kontrolden \u00e7\u0131karak kaza yapt\u0131. Kaza sonras\u0131 ara\u00e7ta maddi hasar meydana gelirken, s\u00fcr\u00fcc\u00fc yaraland\u0131. \u0130hbar \u00fczerine olay yerine 112 Acil Sa\u011fl\u0131k ekipleri sevk edildi. \u0130lk m\u00fcdahalesi kaza yerinde yap\u0131lan yaral\u0131 s\u00fcr\u00fcc\u00fc, ambulansla Milas Devlet Hastanesi\u2019ne kald\u0131r\u0131larak tedavi alt\u0131na al\u0131nd\u0131.<br \/><\/p>\n","protected":false},"excerpt":{"rendered":"<p>Mu\u011fla\u2019n\u0131n Milas il\u00e7esinde meydana gelen trafik kazas\u0131nda bir ki\u015fi yaraland\u0131. Kaza, Milas-S\u00f6ke Karayolu \u00fczerindeki TOK\u0130 kav\u015fa\u011f\u0131nda ger\u00e7ekle\u015fti. Edinilen bilgiye g\u00f6re, S\u00f6ke istikametine do\u011fru seyir halinde olan 09 APB 032 plakal\u0131 otomobil, hen\u00fcz belirlenemeyen bir nedenle s\u00fcr\u00fcc\u00fcs\u00fcn\u00fcn direksiyon hakimiyetini kaybetmesi sonucu kontrolden \u00e7\u0131karak kaza yapt\u0131. Kaza sonras\u0131 ara\u00e7ta maddi hasar meydana gelirken, s\u00fcr\u00fcc\u00fc yaraland\u0131. \u0130hbar \u00fczerine&#8230;<\/p>\n","protected":false},"author":1,"featured_media":35544,"comment_status":"open","ping_status":"open","sticky":false,"template":"","format":"standard","meta":{"_crdt_document":"","footnotes":""},"categories":[5],"tags":[],"class_list":["post-35543","post","type-post","status-publish","format-standard","has-post-thumbnail","hentry","category-asayis"],"_links":{"self":[{"href":"https:\/\/www.egemtv.com\/index.php?rest_route=\/wp\/v2\/posts\/35543","targetHints":{"allow":["GET"]}}],"collection":[{"href":"https:\/\/www.egemtv.com\/index.php?rest_route=\/wp\/v2\/posts"}],"about":[{"href":"https:\/\/www.egemtv.com\/index.php?rest_route=\/wp\/v2\/types\/post"}],"author":[{"embeddable":true,"href":"https:\/\/www.egemtv.com\/index.php?rest_route=\/wp\/v2\/users\/1"}],"replies":[{"embeddable":true,"href":"https:\/\/www.egemtv.com\/index.php?rest_route=%2Fwp%2Fv2%2Fcomments&post=35543"}],"version-history":[{"count":1,"href":"https:\/\/www.egemtv.com\/index.php?rest_route=\/wp\/v2\/posts\/35543\/revisions"}],"predecessor-version":[{"id":35545,"href":"https:\/\/www.egemtv.com\/index.php?rest_route=\/wp\/v2\/posts\/35543\/revisions\/35545"}],"wp:featuredmedia":[{"embeddable":true,"href":"https:\/\/www.egemtv.com\/index.php?rest_route=\/wp\/v2\/media\/35544"}],"wp:attachment":[{"href":"https:\/\/www.egemtv.com\/index.php?rest_route=%2Fwp%2Fv2%2Fmedia&parent=35543"}],"wp:term":[{"taxonomy":"category","embeddable":true,"href":"https:\/\/www.egemtv.com\/index.php?rest_route=%2Fwp%2Fv2%2Fcategories&post=35543"},{"taxonomy":"post_tag","embeddable":true,"href":"https:\/\/www.egemtv.com\/index.php?rest_route=%2Fwp%2Fv2%2Ftags&post=35543"}],"curies":[{"name":"wp","href":"https:\/\/api.w.org\/{rel}","templated":true}]}}