{"id":35540,"date":"2025-06-16T14:38:21","date_gmt":"2025-06-16T11:38:21","guid":{"rendered":"https:\/\/www.egemtv.com\/?p=35540"},"modified":"2025-06-16T14:38:25","modified_gmt":"2025-06-16T11:38:25","slug":"fethiyede-izinsiz-insa-calismasi-yapan-otel-isletmesine-bakanlik-3-milyon-343-bin-tl-ceza-uyguladi","status":"publish","type":"post","link":"https:\/\/www.egemtv.com\/?p=35540","title":{"rendered":"Fethiye\u2019de izinsiz in\u015fa \u00e7al\u0131\u015fmas\u0131 yapan otel i\u015fletmesine Bakanl\u0131k 3 milyon 343 bin TL ceza uygulad\u0131"},"content":{"rendered":"<p>\u00c7evre, \u015eehircilik ve \u0130klim De\u011fi\u015fikli\u011fi Bakanl\u0131\u011f\u0131 Mu\u011fla \u0130l M\u00fcd\u00fcrl\u00fc\u011f\u00fc ekipleri, Fethiye il\u00e7esindeki Karata\u015f Plaj\u0131\u2019nda izinsiz in\u015fa \u00e7al\u0131\u015fmalar\u0131 y\u00fcr\u00fcten otel i\u015fletmesine 3 milyon 343 bin 272 TL idari ceza uygulad\u0131.<br \/>\n<br \/>\u0130l M\u00fcd\u00fcrl\u00fc\u011f\u00fc ekipleri ihbar \u00fczerine Karg\u0131 Mahallesi\u2019ndeki otelin Karata\u015f Plaj\u0131\u2019ndaki izinsiz uygulamalar\u0131yla ilgili 31 May\u0131s\u2019ta denetim yapt\u0131. Yap\u0131lan denetimde ka\u00e7ak bir bina, soyunma giyinme kabinleri, cankurtaran kulesi, wc-du\u015f gibi birimlerin in\u015fas\u0131na ba\u015fland\u0131\u011f\u0131 belirlendi. Otel \u00f6n\u00fcndeki plajda peyzaj \u00e7al\u0131\u015fmalar\u0131n\u0131n da usuls\u00fcz yap\u0131ld\u0131\u011f\u0131 tespit edildi. Deniz i\u00e7ine y\u00fczer iskelenin yap\u0131ld\u0131\u011f\u0131 ve halen in\u015fa faaliyetlerinin de devam etti\u011fi g\u00f6r\u00fcld\u00fc. Otel i\u015fletmesine 3 milyon 343 bin 272 TL idari ceza uyguland\u0131.<br \/>\n<br \/>Y\u0131k\u0131m i\u00e7in ilgili kurumlara yaz\u0131 g\u00f6nderildi<br \/>\n<br \/>\u0130l M\u00fcd\u00fcrl\u00fc\u011f\u00fc ekipleri ka\u00e7ak birimlerin y\u0131k\u0131lmas\u0131, di\u011fer usuls\u00fcz in\u015fa faaliyetlerine son verilip do\u011fa tahribat\u0131n\u0131n giderilmesi i\u00e7in Mu\u011fla B\u00fcy\u00fck\u015fehir Belediye Ba\u015fkanl\u0131\u011f\u0131, Fethiye Belediye Ba\u015fkanl\u0131\u011f\u0131, Mu\u011fla \u0130l Tar\u0131m ve Orman M\u00fcd\u00fcrl\u00fc\u011f\u00fc ve DS\u0130 213. \u015eube M\u00fcd\u00fcrl\u00fc\u011f\u00fc\u2019ne yaz\u0131 g\u00f6nderdi.<br \/>\n<br \/>&#8220;\u00d6zel \u00c7evre Koruma B\u00f6lgesi\u2019nde \u00e7ok say\u0131da ihlal tespit edildi&#8221;<br \/>\n<br \/>Bakanl\u0131k\u00e7a yap\u0131lan denetimde hukuka ayk\u0131r\u0131 \u00e7al\u0131\u015fmalar\u0131n b\u00f6lgenin do\u011fal karakterini olumsuz etkiledi\u011fi, ekolojik a\u00e7\u0131dan ciddi bir kirlili\u011fe sebebiyet verdi\u011fi belirlendi. Fethiye-G\u00f6cek \u00d6zel \u00c7evre Koruma B\u00f6lgesine \u00c7evre D\u00fczeni Plan\u0131 Plan H\u00fck\u00fcmlerine, M\u00fclga \u00c7evre ve Orman Bakanl\u0131\u011f\u0131 Do\u011fa Koruma ve Milli Parklar Genel M\u00fcd\u00fcrl\u00fc\u011f\u00fc\u2019n\u00fcn &#8220;Deniz Kaplumba\u011falar\u0131n\u0131n Korunmas\u0131&#8221; ba\u015fl\u0131kl\u0131 genelgesine ayk\u0131r\u0131l\u0131k te\u015fkil etti\u011fi, m\u00fclga \u00d6\u00c7K Ba\u015fkanl\u0131\u011f\u0131\u2019nca onaylanan &#8220;Fethiye-\u00c7iftlik Uygulama \u0130mar Plan\u0131 Revizyonuna&#8221; da ayk\u0131r\u0131 oldu\u011fu tespit edildi.<br \/><\/p>\n","protected":false},"excerpt":{"rendered":"<p>\u00c7evre, \u015eehircilik ve \u0130klim De\u011fi\u015fikli\u011fi Bakanl\u0131\u011f\u0131 Mu\u011fla \u0130l M\u00fcd\u00fcrl\u00fc\u011f\u00fc ekipleri, Fethiye il\u00e7esindeki Karata\u015f Plaj\u0131\u2019nda izinsiz in\u015fa \u00e7al\u0131\u015fmalar\u0131 y\u00fcr\u00fcten otel i\u015fletmesine 3 milyon 343 bin 272 TL idari ceza uygulad\u0131. \u0130l M\u00fcd\u00fcrl\u00fc\u011f\u00fc ekipleri ihbar \u00fczerine Karg\u0131 Mahallesi\u2019ndeki otelin Karata\u015f Plaj\u0131\u2019ndaki izinsiz uygulamalar\u0131yla ilgili 31 May\u0131s\u2019ta denetim yapt\u0131. Yap\u0131lan denetimde ka\u00e7ak bir bina, soyunma giyinme kabinleri, cankurtaran&#8230;<\/p>\n","protected":false},"author":1,"featured_media":35541,"comment_status":"open","ping_status":"open","sticky":false,"template":"","format":"standard","meta":{"_crdt_document":"","footnotes":""},"categories":[1],"tags":[],"class_list":["post-35540","post","type-post","status-publish","format-standard","has-post-thumbnail","hentry","category-guncel"],"_links":{"self":[{"href":"https:\/\/www.egemtv.com\/index.php?rest_route=\/wp\/v2\/posts\/35540","targetHints":{"allow":["GET"]}}],"collection":[{"href":"https:\/\/www.egemtv.com\/index.php?rest_route=\/wp\/v2\/posts"}],"about":[{"href":"https:\/\/www.egemtv.com\/index.php?rest_route=\/wp\/v2\/types\/post"}],"author":[{"embeddable":true,"href":"https:\/\/www.egemtv.com\/index.php?rest_route=\/wp\/v2\/users\/1"}],"replies":[{"embeddable":true,"href":"https:\/\/www.egemtv.com\/index.php?rest_route=%2Fwp%2Fv2%2Fcomments&post=35540"}],"version-history":[{"count":1,"href":"https:\/\/www.egemtv.com\/index.php?rest_route=\/wp\/v2\/posts\/35540\/revisions"}],"predecessor-version":[{"id":35542,"href":"https:\/\/www.egemtv.com\/index.php?rest_route=\/wp\/v2\/posts\/35540\/revisions\/35542"}],"wp:featuredmedia":[{"embeddable":true,"href":"https:\/\/www.egemtv.com\/index.php?rest_route=\/wp\/v2\/media\/35541"}],"wp:attachment":[{"href":"https:\/\/www.egemtv.com\/index.php?rest_route=%2Fwp%2Fv2%2Fmedia&parent=35540"}],"wp:term":[{"taxonomy":"category","embeddable":true,"href":"https:\/\/www.egemtv.com\/index.php?rest_route=%2Fwp%2Fv2%2Fcategories&post=35540"},{"taxonomy":"post_tag","embeddable":true,"href":"https:\/\/www.egemtv.com\/index.php?rest_route=%2Fwp%2Fv2%2Ftags&post=35540"}],"curies":[{"name":"wp","href":"https:\/\/api.w.org\/{rel}","templated":true}]}}