{"id":35537,"date":"2025-06-16T14:38:16","date_gmt":"2025-06-16T11:38:16","guid":{"rendered":"https:\/\/www.egemtv.com\/?p=35537"},"modified":"2025-06-16T14:38:21","modified_gmt":"2025-06-16T11:38:21","slug":"izmirde-613-ton-kacak-akaryakit-ele-gecirildi","status":"publish","type":"post","link":"https:\/\/www.egemtv.com\/?p=35537","title":{"rendered":"\u0130zmir\u2019de 613 ton ka\u00e7ak akaryak\u0131t ele ge\u00e7irildi"},"content":{"rendered":"<p>\u0130zmir\u2019in Torbal\u0131 il\u00e7esinde ger\u00e7ekle\u015ftirilen operasyonda, yasa d\u0131\u015f\u0131 yollarla \u00fcretilen ve piyasaya s\u00fcr\u00fclmeye \u00e7al\u0131\u015f\u0131lan 613 ton ka\u00e7ak akaryak\u0131t ve \u00fcretiminde kullan\u0131lan malzemeler ele ge\u00e7irildi. Ele ge\u00e7irilen \u00fcr\u00fcnlerin toplam piyasa de\u011ferinin 30 milyon TL oldu\u011fu bildirildi.<br \/>\n<br \/>Torbal\u0131 Cumhuriyet Ba\u015fsavc\u0131l\u0131\u011f\u0131 koordinesinde y\u00fcr\u00fct\u00fclen operasyon, \u0130zmir \u0130l Emniyet M\u00fcd\u00fcrl\u00fc\u011f\u00fc\u2019ne ba\u011fl\u0131 Ka\u00e7ak\u00e7\u0131l\u0131k Su\u00e7lar\u0131yla M\u00fccadele \u015eube M\u00fcd\u00fcrl\u00fc\u011f\u00fc ekiplerince ger\u00e7ekle\u015ftirildi. Ekiplerin, 2 Haziran g\u00fcn\u00fc Torbal\u0131\u2019da bir depo ve i\u015f yerinde yapt\u0131\u011f\u0131 aramalarda, ka\u00e7ak at\u0131k ya\u011f, toplama ya\u011f ve kar\u0131\u015f\u0131ml\u0131 akaryak\u0131t \u00fcretiminde kullan\u0131lan b\u00fcy\u00fck miktarda malzeme tespit edildi. 613 ton ka\u00e7ak akaryak\u0131t ve \u00fcretiminde kullan\u0131lan malzemeler ele ge\u00e7irilirken \u00fcr\u00fcnlerin toplam piyasa de\u011ferinin 30 milyon TL oldu\u011fu tespit edildi.<br \/>\n<br \/>Operasyon kapsam\u0131nda 1 \u015fah\u0131s hakk\u0131nda adli i\u015flem ba\u015flat\u0131ld\u0131\u011f\u0131 \u00f6\u011frenildi.<br \/><\/p>\n","protected":false},"excerpt":{"rendered":"<p>\u0130zmir\u2019in Torbal\u0131 il\u00e7esinde ger\u00e7ekle\u015ftirilen operasyonda, yasa d\u0131\u015f\u0131 yollarla \u00fcretilen ve piyasaya s\u00fcr\u00fclmeye \u00e7al\u0131\u015f\u0131lan 613 ton ka\u00e7ak akaryak\u0131t ve \u00fcretiminde kullan\u0131lan malzemeler ele ge\u00e7irildi. Ele ge\u00e7irilen \u00fcr\u00fcnlerin toplam piyasa de\u011ferinin 30 milyon TL oldu\u011fu bildirildi. Torbal\u0131 Cumhuriyet Ba\u015fsavc\u0131l\u0131\u011f\u0131 koordinesinde y\u00fcr\u00fct\u00fclen operasyon, \u0130zmir \u0130l Emniyet M\u00fcd\u00fcrl\u00fc\u011f\u00fc\u2019ne ba\u011fl\u0131 Ka\u00e7ak\u00e7\u0131l\u0131k Su\u00e7lar\u0131yla M\u00fccadele \u015eube M\u00fcd\u00fcrl\u00fc\u011f\u00fc ekiplerince ger\u00e7ekle\u015ftirildi. Ekiplerin, 2 Haziran&#8230;<\/p>\n","protected":false},"author":1,"featured_media":35538,"comment_status":"open","ping_status":"open","sticky":false,"template":"","format":"standard","meta":{"_crdt_document":"","footnotes":""},"categories":[5],"tags":[],"class_list":["post-35537","post","type-post","status-publish","format-standard","has-post-thumbnail","hentry","category-asayis"],"_links":{"self":[{"href":"https:\/\/www.egemtv.com\/index.php?rest_route=\/wp\/v2\/posts\/35537","targetHints":{"allow":["GET"]}}],"collection":[{"href":"https:\/\/www.egemtv.com\/index.php?rest_route=\/wp\/v2\/posts"}],"about":[{"href":"https:\/\/www.egemtv.com\/index.php?rest_route=\/wp\/v2\/types\/post"}],"author":[{"embeddable":true,"href":"https:\/\/www.egemtv.com\/index.php?rest_route=\/wp\/v2\/users\/1"}],"replies":[{"embeddable":true,"href":"https:\/\/www.egemtv.com\/index.php?rest_route=%2Fwp%2Fv2%2Fcomments&post=35537"}],"version-history":[{"count":1,"href":"https:\/\/www.egemtv.com\/index.php?rest_route=\/wp\/v2\/posts\/35537\/revisions"}],"predecessor-version":[{"id":35539,"href":"https:\/\/www.egemtv.com\/index.php?rest_route=\/wp\/v2\/posts\/35537\/revisions\/35539"}],"wp:featuredmedia":[{"embeddable":true,"href":"https:\/\/www.egemtv.com\/index.php?rest_route=\/wp\/v2\/media\/35538"}],"wp:attachment":[{"href":"https:\/\/www.egemtv.com\/index.php?rest_route=%2Fwp%2Fv2%2Fmedia&parent=35537"}],"wp:term":[{"taxonomy":"category","embeddable":true,"href":"https:\/\/www.egemtv.com\/index.php?rest_route=%2Fwp%2Fv2%2Fcategories&post=35537"},{"taxonomy":"post_tag","embeddable":true,"href":"https:\/\/www.egemtv.com\/index.php?rest_route=%2Fwp%2Fv2%2Ftags&post=35537"}],"curies":[{"name":"wp","href":"https:\/\/api.w.org\/{rel}","templated":true}]}}