{"id":35534,"date":"2025-06-16T14:38:06","date_gmt":"2025-06-16T11:38:06","guid":{"rendered":"https:\/\/www.egemtv.com\/?p=35534"},"modified":"2025-06-16T14:38:16","modified_gmt":"2025-06-16T11:38:16","slug":"sehit-ve-gazi-ailelerinden-baskan-zeyrek-icin-lokma-hayri","status":"publish","type":"post","link":"https:\/\/www.egemtv.com\/?p=35534","title":{"rendered":"\u015eehit ve gazi ailelerinden Ba\u015fkan Zeyrek i\u00e7in lokma hayr\u0131"},"content":{"rendered":"<p>T\u00fcrkiye Harp Malul\u00fc Gaziler \u015eehit Dul ve Yetimleri Derne\u011fi Manisa \u015eubesi, ge\u00e7ti\u011fimiz g\u00fcnlerde hayat\u0131n\u0131 kaybeden Manisa B\u00fcy\u00fck\u015fehir Belediye Ba\u015fkan\u0131 Merhum Ferdi Zeyrek an\u0131s\u0131na hay\u0131r organizasyonu ger\u00e7ekle\u015ftirdi. Gazi ve \u015fehit ailelerinin kendi b\u00fct\u00e7elerinden kar\u015f\u0131lad\u0131klar\u0131 hay\u0131r, Manisa merkezin yan\u0131 s\u0131ra Turgutlu, Akhisar ve Salihli il\u00e7elerinde de ger\u00e7ekle\u015ftirildi.<br \/>\n<br \/>T\u00fcrkiye Harp Malul\u00fc Gaziler \u015eehit Dul ve Yetimleri Derne\u011fi Manisa \u015eube Ba\u015fkan\u0131 Gazi Yusuf K\u0131y\u0131\u015fkan, d\u00fczenlenen anlaml\u0131 organizasyonlara ili\u015fkin yapt\u0131\u011f\u0131 a\u00e7\u0131klamada, Ferdi Zeyrek\u2019in aziz hat\u0131ras\u0131n\u0131 ya\u015fatmaya devam edeceklerini vurgulad\u0131.<\/p>\n<p>&#8220;O, bizim i\u00e7in bir g\u00f6n\u00fcl insan\u0131yd\u0131&#8221;<br \/>\n<br \/>D\u00fczenlenen lokma hayr\u0131yla ilgili konu\u015fan Ba\u015fkan K\u0131y\u0131\u015fkan, &#8220;6 Haziran 2025 ak\u015fam\u0131 ge\u00e7irdi\u011fi elim bir kazada y\u00fcksek elektrik ak\u0131m\u0131na kap\u0131larak t\u00fcm m\u00fcdahalelere ra\u011fmen 9 Haziran Pazartesi g\u00fcn\u00fc saat 17.05\u2019te Hakk\u2019a y\u00fcr\u00fcyen Manisa B\u00fcy\u00fck\u015fehir Belediye Ba\u015fkan\u0131m\u0131z Merhum Say\u0131n Ferdi Zeyrek\u2019in aziz hat\u0131ras\u0131n\u0131 ya\u015fatmak i\u00e7in bir dizi hay\u0131r organizasyonu ger\u00e7ekle\u015ftirdik. Salihli, Akhisar ve Turgutlu il\u00e7elerinde e\u015f zamanl\u0131 olarak, ayr\u0131ca Manisa Hatuniye Camii yan\u0131nda, Merhum Ba\u015fkan\u0131m\u0131z i\u00e7in lokma hayr\u0131 d\u00fczenledik. Hay\u0131r organizasyonlar\u0131n\u0131n t\u00fcm masraflar\u0131, aziz \u015fehitlerimizin emanetleri olan aileler ve kahraman gazilerimiz taraf\u0131ndan g\u00f6n\u00fclden kar\u015f\u0131land\u0131. Bu anlaml\u0131 vefa \u00f6rne\u011fiyle hem dualar edildi hem de onun hat\u0131ras\u0131 y\u00fcreklerimizde ya\u015fat\u0131ld\u0131. Ferdi Zeyrek bizler i\u00e7in yaln\u0131zca bir belediye ba\u015fkan\u0131 de\u011fil; her f\u0131rsatta bizimle ayn\u0131 sofraya oturan, ac\u0131m\u0131za ortak olan, derdimize omuz veren, bir evlat, bir abi, bir g\u00f6n\u00fcl insan\u0131yd\u0131. Nitekim, vefat\u0131ndan sadece saatler \u00f6nce bayram sabah\u0131 \u015fehitli\u011fimizde \u015fehitlerimizin mezarlar\u0131n\u0131 ziyaret etmi\u015f, dualar etmi\u015fti. Bu, onun son g\u00fcn\u00fc bile vefayla, millet sevgisiyle dolu ya\u015fad\u0131\u011f\u0131n\u0131n en somut g\u00f6stergesidir.&#8221; dedi.<\/p>\n<p>&#8220;Vefa borcumuz, onun hat\u0131ras\u0131n\u0131 ya\u015fatmak&#8221;<br \/>\n<br \/>Ba\u015fkan K\u0131y\u0131\u015fkan, &#8220;Bizler, \u015fehit aileleri ve gaziler olarak, onun bizlere g\u00f6sterdi\u011fi deste\u011fi ve g\u00f6n\u00fcl ba\u011f\u0131n\u0131 asla unutmayaca\u011f\u0131z. D\u00fczenledi\u011fimiz bu hay\u0131rlar, sadece birer anma de\u011fil; bir g\u00f6n\u00fcl borcunun, vefa duru\u015funun ve sadakatin ifadesidir. Merhum Ba\u015fkan\u0131m\u0131z Say\u0131n Ferdi Zeyrek\u2019in aziz ruhu \u015fad, mek\u00e2n\u0131 cennet, makam\u0131 ali olsun.&#8221; \u015feklinde konu\u015ftu.<br \/><\/p>\n","protected":false},"excerpt":{"rendered":"<p>T\u00fcrkiye Harp Malul\u00fc Gaziler \u015eehit Dul ve Yetimleri Derne\u011fi Manisa \u015eubesi, ge\u00e7ti\u011fimiz g\u00fcnlerde hayat\u0131n\u0131 kaybeden Manisa B\u00fcy\u00fck\u015fehir Belediye Ba\u015fkan\u0131 Merhum Ferdi Zeyrek an\u0131s\u0131na hay\u0131r organizasyonu ger\u00e7ekle\u015ftirdi. Gazi ve \u015fehit ailelerinin kendi b\u00fct\u00e7elerinden kar\u015f\u0131lad\u0131klar\u0131 hay\u0131r, Manisa merkezin yan\u0131 s\u0131ra Turgutlu, Akhisar ve Salihli il\u00e7elerinde de ger\u00e7ekle\u015ftirildi. T\u00fcrkiye Harp Malul\u00fc Gaziler \u015eehit Dul ve Yetimleri Derne\u011fi Manisa&#8230;<\/p>\n","protected":false},"author":1,"featured_media":35535,"comment_status":"open","ping_status":"open","sticky":false,"template":"","format":"standard","meta":{"_crdt_document":"","footnotes":""},"categories":[123],"tags":[],"class_list":["post-35534","post","type-post","status-publish","format-standard","has-post-thumbnail","hentry","category-gundem"],"_links":{"self":[{"href":"https:\/\/www.egemtv.com\/index.php?rest_route=\/wp\/v2\/posts\/35534","targetHints":{"allow":["GET"]}}],"collection":[{"href":"https:\/\/www.egemtv.com\/index.php?rest_route=\/wp\/v2\/posts"}],"about":[{"href":"https:\/\/www.egemtv.com\/index.php?rest_route=\/wp\/v2\/types\/post"}],"author":[{"embeddable":true,"href":"https:\/\/www.egemtv.com\/index.php?rest_route=\/wp\/v2\/users\/1"}],"replies":[{"embeddable":true,"href":"https:\/\/www.egemtv.com\/index.php?rest_route=%2Fwp%2Fv2%2Fcomments&post=35534"}],"version-history":[{"count":1,"href":"https:\/\/www.egemtv.com\/index.php?rest_route=\/wp\/v2\/posts\/35534\/revisions"}],"predecessor-version":[{"id":35536,"href":"https:\/\/www.egemtv.com\/index.php?rest_route=\/wp\/v2\/posts\/35534\/revisions\/35536"}],"wp:featuredmedia":[{"embeddable":true,"href":"https:\/\/www.egemtv.com\/index.php?rest_route=\/wp\/v2\/media\/35535"}],"wp:attachment":[{"href":"https:\/\/www.egemtv.com\/index.php?rest_route=%2Fwp%2Fv2%2Fmedia&parent=35534"}],"wp:term":[{"taxonomy":"category","embeddable":true,"href":"https:\/\/www.egemtv.com\/index.php?rest_route=%2Fwp%2Fv2%2Fcategories&post=35534"},{"taxonomy":"post_tag","embeddable":true,"href":"https:\/\/www.egemtv.com\/index.php?rest_route=%2Fwp%2Fv2%2Ftags&post=35534"}],"curies":[{"name":"wp","href":"https:\/\/api.w.org\/{rel}","templated":true}]}}