{"id":35531,"date":"2025-06-16T14:37:59","date_gmt":"2025-06-16T11:37:59","guid":{"rendered":"https:\/\/www.egemtv.com\/?p=35531"},"modified":"2025-06-16T14:38:06","modified_gmt":"2025-06-16T11:38:06","slug":"bodrum-turkbuku-makilik-yangini-devam-ediyor","status":"publish","type":"post","link":"https:\/\/www.egemtv.com\/?p=35531","title":{"rendered":"Bodrum T\u00fcrkb\u00fck\u00fc makilik yang\u0131n\u0131 devam ediyor"},"content":{"rendered":"<p>Mu\u011fla\u2019n\u0131n Bodrum il\u00e7esi T\u00fcrkb\u00fck\u00fc Mahallesinde makilik alanda ba\u015flayan yang\u0131na havadan ve karadan m\u00fcdahale devam ediyor.<br \/>\n<br \/>Bodrum T\u00fcrkb\u00fck\u00fc Mezarl\u0131k \u00fcst taraf\u0131nda makilik alanda ba\u015flayan yang\u0131n r\u00fczgar\u0131n da etkisi ile b\u00fcy\u00fcd\u00fc. Yang\u0131na havadan ve karadan ekiplerin m\u00fcdahalesi devam ediyor. Mu\u011fla Orman B\u00f6lge M\u00fcd\u00fcrl\u00fc\u011f\u00fc\u2019ne ba\u011fl\u0131 yer ve hava ara\u00e7lar\u0131 yan\u0131nda Mu\u011fla B\u00fcy\u00fck\u015fehir Belediyesi Bodrum \u0130tfaiye ekipleri ekipleri de yang\u0131na karadan m\u00fcdahale ediyor.<br \/>\n<br \/>Orman Genel M\u00fcd\u00fcrl\u00fc\u011f\u00fc, sosyal medya hesab\u0131ndan yapt\u0131\u011f\u0131 payla\u015f\u0131m\u0131nda , &#8220;Bodrum T\u00fcrkb\u00fck\u00fc\u2019nde orman d\u0131\u015f\u0131 alanda ba\u015flayan yang\u0131n\u0131 kontrol alt\u0131na almak i\u00e7in m\u00fccadelemiz devam ediyor&#8221; dedi.<br \/><\/p>\n","protected":false},"excerpt":{"rendered":"<p>Mu\u011fla\u2019n\u0131n Bodrum il\u00e7esi T\u00fcrkb\u00fck\u00fc Mahallesinde makilik alanda ba\u015flayan yang\u0131na havadan ve karadan m\u00fcdahale devam ediyor. Bodrum T\u00fcrkb\u00fck\u00fc Mezarl\u0131k \u00fcst taraf\u0131nda makilik alanda ba\u015flayan yang\u0131n r\u00fczgar\u0131n da etkisi ile b\u00fcy\u00fcd\u00fc. Yang\u0131na havadan ve karadan ekiplerin m\u00fcdahalesi devam ediyor. Mu\u011fla Orman B\u00f6lge M\u00fcd\u00fcrl\u00fc\u011f\u00fc\u2019ne ba\u011fl\u0131 yer ve hava ara\u00e7lar\u0131 yan\u0131nda Mu\u011fla B\u00fcy\u00fck\u015fehir Belediyesi Bodrum \u0130tfaiye ekipleri ekipleri de&#8230;<\/p>\n","protected":false},"author":1,"featured_media":35532,"comment_status":"open","ping_status":"open","sticky":false,"template":"","format":"standard","meta":{"_crdt_document":"","footnotes":""},"categories":[5],"tags":[],"class_list":["post-35531","post","type-post","status-publish","format-standard","has-post-thumbnail","hentry","category-asayis"],"_links":{"self":[{"href":"https:\/\/www.egemtv.com\/index.php?rest_route=\/wp\/v2\/posts\/35531","targetHints":{"allow":["GET"]}}],"collection":[{"href":"https:\/\/www.egemtv.com\/index.php?rest_route=\/wp\/v2\/posts"}],"about":[{"href":"https:\/\/www.egemtv.com\/index.php?rest_route=\/wp\/v2\/types\/post"}],"author":[{"embeddable":true,"href":"https:\/\/www.egemtv.com\/index.php?rest_route=\/wp\/v2\/users\/1"}],"replies":[{"embeddable":true,"href":"https:\/\/www.egemtv.com\/index.php?rest_route=%2Fwp%2Fv2%2Fcomments&post=35531"}],"version-history":[{"count":1,"href":"https:\/\/www.egemtv.com\/index.php?rest_route=\/wp\/v2\/posts\/35531\/revisions"}],"predecessor-version":[{"id":35533,"href":"https:\/\/www.egemtv.com\/index.php?rest_route=\/wp\/v2\/posts\/35531\/revisions\/35533"}],"wp:featuredmedia":[{"embeddable":true,"href":"https:\/\/www.egemtv.com\/index.php?rest_route=\/wp\/v2\/media\/35532"}],"wp:attachment":[{"href":"https:\/\/www.egemtv.com\/index.php?rest_route=%2Fwp%2Fv2%2Fmedia&parent=35531"}],"wp:term":[{"taxonomy":"category","embeddable":true,"href":"https:\/\/www.egemtv.com\/index.php?rest_route=%2Fwp%2Fv2%2Fcategories&post=35531"},{"taxonomy":"post_tag","embeddable":true,"href":"https:\/\/www.egemtv.com\/index.php?rest_route=%2Fwp%2Fv2%2Ftags&post=35531"}],"curies":[{"name":"wp","href":"https:\/\/api.w.org\/{rel}","templated":true}]}}