{"id":35528,"date":"2025-06-16T14:37:53","date_gmt":"2025-06-16T11:37:53","guid":{"rendered":"https:\/\/www.egemtv.com\/?p=35528"},"modified":"2025-06-16T14:37:59","modified_gmt":"2025-06-16T11:37:59","slug":"vali-canbolat-aydin-dunya-capinda-incir-uretiminin-merkezidir","status":"publish","type":"post","link":"https:\/\/www.egemtv.com\/?p=35528","title":{"rendered":"Vali Canbolat: &#8220;Ayd\u0131n, d\u00fcnya \u00e7ap\u0131nda incir \u00fcretiminin merkezidir&#8221;"},"content":{"rendered":"<p>Ayd\u0131n Ticaret Borsas\u0131\u2019nda d\u00fczenlenen Kuru \u0130ncir Kalite ve G\u0131da G\u00fcvenli\u011fi \u00c7al\u0131\u015ftay\u0131\u2019nda konu\u015fan Ayd\u0131n Valisi Yakup Canbolat T\u00fcrkiye\u2019de \u00fcretilen kuru incirin b\u00fcy\u00fck b\u00f6l\u00fcm\u00fcn\u00fcn Ayd\u0131n\u2019dan kar\u015f\u0131land\u0131\u011f\u0131n\u0131 belirterek, &#8220;Ayd\u0131n, d\u00fcnya \u00e7ap\u0131nda incir \u00fcretiminin merkezidir&#8221; dedi.<\/p>\n<p>Ayd\u0131n Ticaret Borsas\u0131 ev sahipli\u011fi ve Ege Kuru Meyve ve Mamulleri \u0130hracat\u00e7\u0131lar\u0131 Birli\u011fi koordinat\u00f6rl\u00fc\u011f\u00fcnde; kuru meyve sekt\u00f6r\u00fcn\u00fcn s\u00fcrd\u00fcr\u00fclebilir ve rekabet\u00e7i yap\u0131s\u0131n\u0131n geli\u015ftirilmesi, ihracat\u0131n art\u0131r\u0131lmas\u0131, \u00fcretim ve ihracat kaynakl\u0131 sorunlara \u00e7\u00f6z\u00fcm bulunmas\u0131 amac\u0131yla Tar\u0131m ve Orman Bakanl\u0131\u011f\u0131, Ticaret Bakanl\u0131\u011f\u0131, payda\u015f kurum ve kurulu\u015flar, kuru incir \u00fcreticileri, t\u00fcccar\u0131 ve ihracat\u00e7\u0131 firmalar\u0131n kat\u0131l\u0131mlar\u0131yla Kuru \u0130ncir Kalite ve G\u0131da G\u00fcvenli\u011fi \u00c7al\u0131\u015ftay\u0131 d\u00fczenlendi. Sayd\u0131 duru\u015fu ve \u0130stiklal Mar\u015f\u0131\u2019n\u0131n okunmas\u0131n\u0131n ard\u0131ndan \u00e7al\u0131\u015ftay\u0131n a\u00e7\u0131l\u0131\u015f konu\u015fmas\u0131n\u0131 yapan Ayd\u0131n Ticaret Borsas\u0131 Y\u00f6netim Kurulu Ba\u015fkan\u0131 Fevzi \u00c7ondur Ayd\u0131n\u2019\u0131n \u00fcretimde d\u00fcnya lideri olan ve T\u00fcrkiye\u2019nin ihracat \u00fcr\u00fcnleri aras\u0131nda yer alan kuru incirin, Ayd\u0131n ekonomisi a\u00e7\u0131s\u0131ndan b\u00fcy\u00fck bir \u00f6nem ta\u015f\u0131d\u0131\u011f\u0131n\u0131 belirterek, &#8220;D\u00fcnya incir \u00fcretimi ve ihracat\u0131nda ilk s\u0131rada yer alan \u00fclkemizde, 2024-2025 sezonunda 53 bin 621 ton kuru incir ihracat\u0131 ger\u00e7ekle\u015fmi\u015f olup, bu ihracat\u0131n 42 bin 193 tonu ilimize aittir. 2024\/2025 sezonunda \u00fclkemizde toplam 68 bin 138 ton kuru incir tescili yap\u0131lm\u0131\u015f olup, bu tescilin 52 bin 483 tonu ilimizde yap\u0131lm\u0131\u015ft\u0131r. ayn\u0131 sezonda Ayd\u0131n Ticaret Borsas\u0131\u2019nda i\u015flem g\u00f6ren kuru incir ortalama sat\u0131\u015f fiyat\u0131 ise 163 lira 4 kuru\u015f olarak ger\u00e7ekle\u015fmi\u015ftir&#8221; dedi.<\/p>\n<p>Ayd\u0131n Ticaret Borsas\u0131\u2019n\u0131n kuru incirin ticari de\u011ferinin art\u0131r\u0131lmas\u0131, markala\u015fmas\u0131 ve uluslararas\u0131 pazarda daha g\u00fc\u00e7l\u00fc yer edinmesi amac\u0131yla \u00f6nemli \u00e7al\u0131\u015fmalar y\u00fcr\u00fctt\u00fc\u011f\u00fcn\u00fc belirten \u00c7ondur, &#8220;Her y\u0131l d\u00fczenledi\u011fimiz kuru incir sekt\u00f6r toplant\u0131lar\u0131nda \u00fcyelerimizden gelen talep ve \u00f6nerileri yetkili mercilere iletmekte, sekt\u00f6re y\u00f6n veren giri\u015fimlerde bulunmaktay\u0131z. \u00dclkemizden \u00f6zellikle Avrupa \u00fclkelerine ihra\u00e7 edilen kuru incirde ya\u015fanan toksin sorunu ihracat\u00e7\u0131 firmalar a\u00e7\u0131s\u0131ndan ciddi maliyetlere neden olmaktad\u0131r. Bu durum firmalar\u0131n hem ekonomik kay\u0131plar ya\u015famas\u0131na hem de \u00fclkemizin ihracat itibar\u0131n\u0131n zedelenmesine yol a\u00e7maktad\u0131r. \u0130hracat s\u00fcrecinde kar\u015f\u0131la\u015f\u0131lan bu t\u00fcr risklerin \u00f6n\u00fcne ge\u00e7ilmesi sekt\u00f6r\u00fcn s\u00fcrd\u00fcr\u00fclebilirli\u011fi a\u00e7\u0131s\u0131ndan b\u00fcy\u00fck \u00f6nem ta\u015f\u0131maktad\u0131r. Bu do\u011frultuda, borsam\u0131z \u00fcyesi ihracat\u00e7\u0131lar\u0131n talebiyle, Ayd\u0131n So\u011fuk Hava Depoculuk A.\u015e. b\u00fcnyesinde kurdu\u011fumuz ve Ayd\u0131nl\u0131 ihracat\u00e7\u0131lara fayda sa\u011flayan a tipi antrepomuz ile ihracat s\u00fcrecinde ya\u015fanan sorunlara \u00e7\u00f6z\u00fcm \u00fcretmeye \u00e7al\u0131\u015f\u0131yoruz. G\u00fcn\u00fcm\u00fczde markala\u015fma ve pazarlama, firmalar i\u00e7in b\u00fcy\u00fck \u00f6nem ta\u015f\u0131makta ve ciddi bir rekabet avantaj\u0131 sa\u011flamaktad\u0131r. bu nedenle markala\u015fma \u00e7al\u0131\u015fmalar\u0131, firmalar a\u00e7\u0131s\u0131ndan art\u0131k bir tercih de\u011fil, zorunluluk haline gelmi\u015ftir. \u00dcyelerimizin bu alandaki yetkinliklerini art\u0131rmak ve rekabet g\u00fc\u00e7lerini y\u00fckseltmek amac\u0131yla, borsam\u0131z b\u00fcnyesinde faaliyet g\u00f6steren marka, patent ve dan\u0131\u015fmanl\u0131k ofisi arac\u0131l\u0131\u011f\u0131yla \u00fccretsiz dan\u0131\u015fmanl\u0131k hizmeti sunulmaktad\u0131r. Bu hizmet kapsam\u0131nda \u00fcyelerimize; markala\u015fma ve pazarlama stratejilerini geli\u015ftirme, markala\u015fma s\u00fcre\u00e7lerini planlama ve y\u00f6netme konular\u0131nda rehberlik sa\u011flanmaktad\u0131r. 2023 y\u0131l\u0131ndan itibaren dan\u0131\u015fmanl\u0131k ofisimizde toplam 33 firma ile g\u00f6r\u00fc\u015fmeler ger\u00e7ekle\u015ftirilmi\u015ftir. \u00d6zellikle kuru incir ihracat\u0131 yapmak isteyen ve markala\u015fma \u00e7al\u0131\u015fmalar\u0131na \u00f6nem veren \u00fcyelerimiz i\u00e7in b\u00fcy\u00fck f\u0131rsatlar sunan bu ofis, ulusal ve uluslararas\u0131 pazarlarda daha g\u00fc\u00e7l\u00fc bir konuma ula\u015fmalar\u0131 y\u00f6n\u00fcnde \u00f6nemli katk\u0131lar sa\u011flamaktad\u0131r. K\u0131rsal kalk\u0131nman\u0131n s\u00fcrd\u00fcr\u00fclebilirli\u011fi ve \u00fclkemiz ekonomisine katk\u0131 sa\u011flanmas\u0131 amac\u0131yla d\u00fczenledi\u011fimiz bu \u00e7al\u0131\u015ftayda; i\u015fletmeci, t\u00fcccar, ihracat\u00e7\u0131 ve \u00fcreticilerimize maksimum fayda sunmay\u0131 hedefliyoruz. Bu vesileyle, Kuru \u0130ncir Kalite ve G\u0131da G\u00fcvenli\u011fi \u00c7al\u0131\u015ftay\u0131\u2019n\u0131n verimli ge\u00e7mesini, sonu\u00e7 raporunun ise ilimizin en k\u0131ymetli tar\u0131msal \u00fcr\u00fcnlerinden biri olan kuru incir i\u00e7in yol g\u00f6sterici olmas\u0131n\u0131 temenni ediyorum&#8221; diye konu\u015ftu.<\/p>\n<p>&#8220;Sar\u0131 lop iklim \u015fartlar\u0131na ayak uyduram\u0131yor&#8221;<br \/>\n<br \/>Son y\u0131llarda incir rekoltesinin geriye do\u011fru gitti\u011fine dikkat \u00e7eken Ege Kuru Meyve ve Mamulleri \u0130hracat\u00e7\u0131lar\u0131 Birli\u011fi Y\u00f6netim Kurulu Ba\u015fkan\u0131 Mehmet Ali I\u015f\u0131k, &#8220;2-3 y\u0131ld\u0131r bizim incir rekoltemiz geriye do\u011fru gidiyor. Biz 70-75 hatta 80 bin tonu zorlayan bir ihracat\u0131 ger\u00e7ekle\u015ftirirken, bug\u00fcn 55-60 bin tonlara geriledik. \u0130ncirde ciddi bir s\u0131k\u0131nt\u0131m\u0131z var, sar\u0131 lopumuz maalesef iklim \u015fartlar\u0131na ayak uyduram\u0131yor. Dolay\u0131s\u0131yla ama ya\u015fad\u0131\u011f\u0131 toksinler itibari ile ama rekolte itibari ile ciddi bir gerileme s\u00f6z konusu. Gerilemenin getirdi\u011fi s\u0131k\u0131nt\u0131lar\u0131 ciddi bir \u015fekilde ya\u015f\u0131yoruz&#8221; diye konu\u015farak t\u00fcm ilgililerin birlik olarak incir \u00fcretiminin artt\u0131r\u0131lmas\u0131 i\u00e7in \u00e7al\u0131\u015fmalar yapmas\u0131 gerekti\u011fini belirtti.<\/p>\n<p>&#8220;Kuru incir Anadolu\u2019nun d\u00fcnyaya sundu\u011fu e\u015fsiz bir lezzettir&#8221;<br \/>\n<br \/>Tar\u0131m ve Orman Bakanl\u0131\u011f\u0131 G\u0131da ve Kontrol Genel M\u00fcd\u00fcr\u00fc Ersin Dilber, &#8220;Kuru incir \u00fcretimi sadece kalite de\u011fil, g\u0131da g\u00fcvenilirli\u011fi de art\u0131k en az \u00fcretimin kalitesi kadar \u00f6nemli bir noktaya varm\u0131\u015f durumda. \u00dcreticiler baz\u0131nda iyi tar\u0131m uygulamalar\u0131 gibi i\u015fletmelerin mevzuata uygun hala getirip \u00fcr\u00fcn se\u00e7ilmesi, kurutulmas\u0131, ticareti ve saklama \u015fartlar\u0131n\u0131n yeniden g\u00f6zden ge\u00e7irilmesi de bir gereklilik art\u0131k. Bizler kamu ve buradaki \u00f6zel sekt\u00f6r temsilcileri ve birlikte \u00e7al\u0131\u015ft\u0131\u011f\u0131m\u0131z sivil toplumun t\u00fcm taraflar\u0131 ile birlikte tekrar g\u00f6zden ge\u00e7irmek zorunday\u0131z. Kuru incir sadece bir \u00fcr\u00fcn de\u011fil ayn\u0131 zamanda Anadolu\u2019nun d\u00fcnyaya sundu\u011fu e\u015fsiz bir lezzettir. Bu miras\u0131 gelece\u011fe ta\u015f\u0131yacak g\u00fc\u00e7 ve birlik buradaki birlikten ortaya \u00e7\u0131kacakt\u0131r&#8221; ifadelerini kullanarak toplant\u0131n\u0131n hay\u0131rl\u0131 olmas\u0131n\u0131 diledi.<\/p>\n<p>&#8220;2024 y\u0131l\u0131nda Ayd\u0131n\u2019da 209 bin 590 ton incir \u00fcretimi ger\u00e7ekle\u015fti&#8221;<br \/>\n<br \/>Ayd\u0131n, d\u00fcnya \u00e7ap\u0131nda bilinen T\u00fcrk \u0130nciri\u2019nin ana \u00fcretim merkezi oldu\u011funu belirten Ayd\u0131n Valisi Yakup Canbolat, Kuru incir Ayd\u0131n\u2019\u0131n hem k\u00fclt\u00fcrel miras\u0131n\u0131 hem de ekonomik potansiyelini simgeleyen ve co\u011frafi i\u015faret ile korunan \u00f6zel bir tar\u0131m \u00fcr\u00fcn\u00fcd\u00fcr. T\u00fcrkiye\u2019nin iklim ve toprak yap\u0131s\u0131na en uygun b\u00f6lgelerden biri olan Ayd\u0131n, d\u00fcnya \u00e7ap\u0131nda bilinen T\u00fcrk \u0130nciri\u2019nin ana \u00fcretim merkezidir. B\u00f6lgede yeti\u015fen incirler, do\u011fal kurutma y\u00f6ntemleri ile lezzetini ve besin de\u011ferlini koruyarak uluslararas\u0131 pazarlarda b\u00fcy\u00fck talep g\u00f6rmektedir. Y\u00fcksek kalite standartlar\u0131 ve do\u011fal \u00fcretim s\u00fcre\u00e7leri sayesinde Ayd\u0131n kuru inciri ihracatta \u00fclke ekonomisine \u00f6nemli katk\u0131lar sa\u011flamaktad\u0131r.  Ayn\u0131 zamanda bu \u00fcr\u00fcn b\u00f6lge halk\u0131n\u0131n geleneksel ya\u015fam bi\u00e7imi ve k\u00fclt\u00fcrel de\u011ferlerini ya\u015fatmas\u0131nda da \u00f6nemli bir rol oynamaktad\u0131r. 2024 y\u0131l\u0131 itibari ile \u00fclkemizde toplam 375 bin ton incir \u00fcretilmi\u015ftir. Bu \u00fcretimin 209 bin 590 tonu Ayd\u0131n\u2019da ger\u00e7ekle\u015ftirilmi\u015ftir. T\u00dc\u0130K verilerine g\u00f6re 2024 y\u0131l\u0131nda toplam 49 bin 607 ton kuru incir ihra\u00e7 edilmi\u015ftir. Bu ihracat\u0131n 45 bin 372 tonu ise karantina kontrollerinden ba\u015far\u0131 ile ge\u00e7erek Ayd\u0131n\u2019dan yap\u0131lm\u0131\u015ft\u0131r. Bu veriler Ayd\u0131n\u2019\u0131n kuru incir ve ihracat\u0131ndaki g\u00fc\u00e7l\u00fc kapasitesini a\u00e7\u0131k\u00e7a ortaya koymaktad\u0131r. Ancak bu ba\u015far\u0131y\u0131 s\u00fcrd\u00fcrebilmek i\u00e7in kalite, izlenebilirlik ve g\u0131da g\u00fcvenli\u011fi alanlar\u0131nda da ayn\u0131 titizlikle \u00e7al\u0131\u015fmam\u0131z gerekmektedir. Tar\u0131mda s\u00fcrd\u00fcr\u00fclebilirli\u011fi sa\u011flayacak, \u00fcreticiyi destekleyecek ve ihracat\u0131m\u0131z\u0131n d\u00fcnya pazarlarda rekabet g\u00fcc\u00fcn\u00fc artt\u0131racak politikalar\u0131 hep birlikte hayata ge\u00e7irmeliyiz. Bug\u00fcnk\u00fc \u00e7al\u0131\u015ftay bu hedefe ula\u015fmak ad\u0131na  \u00e7ok k\u0131ymetli bir f\u0131rsat\u0131 hepimize sunmaktad\u0131r&#8221; ifadelerini kulland\u0131.<\/p>\n<p>\u00c7al\u0131\u015ftay, a\u00e7\u0131l\u0131\u015f b\u00f6l\u00fcm\u00fc ve konu\u015fmalar\u0131n\u0131n ard\u0131ndan bas\u0131na kapal\u0131 olarak devam etti. \u00c7al\u0131\u015ftay kapsam\u0131nda; kuru incirin \u00fcretimden pazarlamaya kadar olan s\u00fcrecindeki sorunlar ve \u00e7\u00f6z\u00fcm \u00f6nerileri, ticari de\u011feri ve markala\u015fma ad\u0131mlar\u0131, alan\u0131nda uzman isimler taraf\u0131ndan kat\u0131l\u0131mc\u0131larla payla\u015f\u0131ld\u0131.<br \/><\/p>\n","protected":false},"excerpt":{"rendered":"<p>Ayd\u0131n Ticaret Borsas\u0131\u2019nda d\u00fczenlenen Kuru \u0130ncir Kalite ve G\u0131da G\u00fcvenli\u011fi \u00c7al\u0131\u015ftay\u0131\u2019nda konu\u015fan Ayd\u0131n Valisi Yakup Canbolat T\u00fcrkiye\u2019de \u00fcretilen kuru incirin b\u00fcy\u00fck b\u00f6l\u00fcm\u00fcn\u00fcn Ayd\u0131n\u2019dan kar\u015f\u0131land\u0131\u011f\u0131n\u0131 belirterek, &#8220;Ayd\u0131n, d\u00fcnya \u00e7ap\u0131nda incir \u00fcretiminin merkezidir&#8221; dedi. Ayd\u0131n Ticaret Borsas\u0131 ev sahipli\u011fi ve Ege Kuru Meyve ve Mamulleri \u0130hracat\u00e7\u0131lar\u0131 Birli\u011fi koordinat\u00f6rl\u00fc\u011f\u00fcnde; kuru meyve sekt\u00f6r\u00fcn\u00fcn s\u00fcrd\u00fcr\u00fclebilir ve rekabet\u00e7i yap\u0131s\u0131n\u0131n geli\u015ftirilmesi, ihracat\u0131n&#8230;<\/p>\n","protected":false},"author":1,"featured_media":35529,"comment_status":"open","ping_status":"open","sticky":false,"template":"","format":"standard","meta":{"_crdt_document":"","footnotes":""},"categories":[1],"tags":[],"class_list":["post-35528","post","type-post","status-publish","format-standard","has-post-thumbnail","hentry","category-guncel"],"_links":{"self":[{"href":"https:\/\/www.egemtv.com\/index.php?rest_route=\/wp\/v2\/posts\/35528","targetHints":{"allow":["GET"]}}],"collection":[{"href":"https:\/\/www.egemtv.com\/index.php?rest_route=\/wp\/v2\/posts"}],"about":[{"href":"https:\/\/www.egemtv.com\/index.php?rest_route=\/wp\/v2\/types\/post"}],"author":[{"embeddable":true,"href":"https:\/\/www.egemtv.com\/index.php?rest_route=\/wp\/v2\/users\/1"}],"replies":[{"embeddable":true,"href":"https:\/\/www.egemtv.com\/index.php?rest_route=%2Fwp%2Fv2%2Fcomments&post=35528"}],"version-history":[{"count":1,"href":"https:\/\/www.egemtv.com\/index.php?rest_route=\/wp\/v2\/posts\/35528\/revisions"}],"predecessor-version":[{"id":35530,"href":"https:\/\/www.egemtv.com\/index.php?rest_route=\/wp\/v2\/posts\/35528\/revisions\/35530"}],"wp:featuredmedia":[{"embeddable":true,"href":"https:\/\/www.egemtv.com\/index.php?rest_route=\/wp\/v2\/media\/35529"}],"wp:attachment":[{"href":"https:\/\/www.egemtv.com\/index.php?rest_route=%2Fwp%2Fv2%2Fmedia&parent=35528"}],"wp:term":[{"taxonomy":"category","embeddable":true,"href":"https:\/\/www.egemtv.com\/index.php?rest_route=%2Fwp%2Fv2%2Fcategories&post=35528"},{"taxonomy":"post_tag","embeddable":true,"href":"https:\/\/www.egemtv.com\/index.php?rest_route=%2Fwp%2Fv2%2Ftags&post=35528"}],"curies":[{"name":"wp","href":"https:\/\/api.w.org\/{rel}","templated":true}]}}