{"id":35525,"date":"2025-06-16T14:16:07","date_gmt":"2025-06-16T11:16:07","guid":{"rendered":"https:\/\/www.egemtv.com\/?p=35525"},"modified":"2025-06-16T14:16:13","modified_gmt":"2025-06-16T11:16:13","slug":"direcikin-yollari-konfora-kavustu","status":"publish","type":"post","link":"https:\/\/www.egemtv.com\/?p=35525","title":{"rendered":"Direcik\u2019in yollar\u0131 konfora kavu\u015ftu"},"content":{"rendered":"<p>Ayd\u0131n\u2019\u0131n Yenipazar il\u00e7esine ba\u011fl\u0131 Direcik Mahallesi\u2019nde yollar asfaltlan\u0131rken, Belediye Ba\u015fkan\u0131 Malik Ercan; &#8220;Haftaya Direik\u2019te ba\u015flad\u0131k&#8221; diyerek \u00e7al\u0131\u015fmalar\u0131n il\u00e7e genelinde s\u00fcrece\u011fini vurgulad\u0131.<\/p>\n<p>Yenipazar Belediyesi, il\u00e7e genelindeki \u00e7al\u0131\u015fmalar\u0131na aral\u0131ks\u0131z devam ediyor. Bu \u00e7er\u00e7evede yol yap\u0131m ve bak\u0131m \u00e7al\u0131\u015fmalar\u0131na da ivme kazand\u0131ran belediye ekiplerinin son dura\u011f\u0131 Direcik Mahallesi oldu. Yeni haftaya Direcik Mahallesi\u2019nde ba\u015flayan belediye ekipleri, arazi yollar\u0131n\u0131n yap\u0131m\u0131 ve yol geni\u015fletme \u00e7al\u0131\u015fmalar\u0131n\u0131n ard\u0131ndan \u015fimdi de ula\u015f\u0131m\u0131 daha konforlu hale getirmek amac\u0131yla asfaltlama \u00e7al\u0131\u015fmas\u0131 ger\u00e7ekle\u015ftirdi.<\/p>\n<p>\u00c7al\u0131\u015fmalar\u0131 yerinde inceleyen Yenipazar Belediye Ba\u015fkan\u0131 Malik Ercan da &#8220;Haftaya Direcik\u2019te ba\u015flad\u0131k&#8221; diyerek \u00e7al\u0131\u015fmalar\u0131n il\u00e7e genelinde belirlenen programlar \u00e7er\u00e7evesinde s\u00fcrece\u011fini belirtti. Ba\u015fkan Ercan, konu ile ilgili yapt\u0131\u011f\u0131 a\u00e7\u0131klamada &#8220;Direcik Mahallemizde tarla, bah\u00e7e ve hayvan dam\u0131 yollar\u0131n\u0131 geni\u015fletmi\u015f ve d\u00fczeltmi\u015ftik. Bu hafta ise yollar\u0131m\u0131z\u0131 asfaltlayarak vatanda\u015flar\u0131m\u0131z\u0131n daha konforlu \u015fekilde ula\u015f\u0131m yapmalar\u0131n\u0131 ama\u00e7l\u0131yoruz. Eksiklikleri biliyor, belirledi\u011fimiz i\u015f program\u0131 kapsam\u0131nda ihtiya\u00e7lar\u0131m\u0131z\u0131 gideriyoruz. Her \u015fey Yenipazar i\u00e7in&#8221; ifadelerine yer verdi.<br \/><\/p>\n","protected":false},"excerpt":{"rendered":"<p>Ayd\u0131n\u2019\u0131n Yenipazar il\u00e7esine ba\u011fl\u0131 Direcik Mahallesi\u2019nde yollar asfaltlan\u0131rken, Belediye Ba\u015fkan\u0131 Malik Ercan; &#8220;Haftaya Direik\u2019te ba\u015flad\u0131k&#8221; diyerek \u00e7al\u0131\u015fmalar\u0131n il\u00e7e genelinde s\u00fcrece\u011fini vurgulad\u0131. Yenipazar Belediyesi, il\u00e7e genelindeki \u00e7al\u0131\u015fmalar\u0131na aral\u0131ks\u0131z devam ediyor. Bu \u00e7er\u00e7evede yol yap\u0131m ve bak\u0131m \u00e7al\u0131\u015fmalar\u0131na da ivme kazand\u0131ran belediye ekiplerinin son dura\u011f\u0131 Direcik Mahallesi oldu. Yeni haftaya Direcik Mahallesi\u2019nde ba\u015flayan belediye ekipleri, arazi yollar\u0131n\u0131n&#8230;<\/p>\n","protected":false},"author":1,"featured_media":35526,"comment_status":"open","ping_status":"open","sticky":false,"template":"","format":"standard","meta":{"_crdt_document":"","footnotes":""},"categories":[1],"tags":[],"class_list":["post-35525","post","type-post","status-publish","format-standard","has-post-thumbnail","hentry","category-guncel"],"_links":{"self":[{"href":"https:\/\/www.egemtv.com\/index.php?rest_route=\/wp\/v2\/posts\/35525","targetHints":{"allow":["GET"]}}],"collection":[{"href":"https:\/\/www.egemtv.com\/index.php?rest_route=\/wp\/v2\/posts"}],"about":[{"href":"https:\/\/www.egemtv.com\/index.php?rest_route=\/wp\/v2\/types\/post"}],"author":[{"embeddable":true,"href":"https:\/\/www.egemtv.com\/index.php?rest_route=\/wp\/v2\/users\/1"}],"replies":[{"embeddable":true,"href":"https:\/\/www.egemtv.com\/index.php?rest_route=%2Fwp%2Fv2%2Fcomments&post=35525"}],"version-history":[{"count":1,"href":"https:\/\/www.egemtv.com\/index.php?rest_route=\/wp\/v2\/posts\/35525\/revisions"}],"predecessor-version":[{"id":35527,"href":"https:\/\/www.egemtv.com\/index.php?rest_route=\/wp\/v2\/posts\/35525\/revisions\/35527"}],"wp:featuredmedia":[{"embeddable":true,"href":"https:\/\/www.egemtv.com\/index.php?rest_route=\/wp\/v2\/media\/35526"}],"wp:attachment":[{"href":"https:\/\/www.egemtv.com\/index.php?rest_route=%2Fwp%2Fv2%2Fmedia&parent=35525"}],"wp:term":[{"taxonomy":"category","embeddable":true,"href":"https:\/\/www.egemtv.com\/index.php?rest_route=%2Fwp%2Fv2%2Fcategories&post=35525"},{"taxonomy":"post_tag","embeddable":true,"href":"https:\/\/www.egemtv.com\/index.php?rest_route=%2Fwp%2Fv2%2Ftags&post=35525"}],"curies":[{"name":"wp","href":"https:\/\/api.w.org\/{rel}","templated":true}]}}