{"id":35522,"date":"2025-06-16T14:16:01","date_gmt":"2025-06-16T11:16:01","guid":{"rendered":"https:\/\/www.egemtv.com\/?p=35522"},"modified":"2025-06-16T14:16:07","modified_gmt":"2025-06-16T11:16:07","slug":"muglada-gelecegin-bilim-insanlari-sahneye-cikti","status":"publish","type":"post","link":"https:\/\/www.egemtv.com\/?p=35522","title":{"rendered":"Mu\u011fla\u2019da gelece\u011fin bilim insanlar\u0131 sahneye \u00e7\u0131kt\u0131"},"content":{"rendered":"<p>Mu\u011fla\u2019n\u0131n Mente\u015fe il\u00e7esinde bulunan \u015eahidi Ortaokulu, T\u00fcrkiye Bilimsel ve Teknolojik Ara\u015ft\u0131rma Kurumu 4006 C Bilim Fuar\u0131\u2019na ev sahipli\u011fi yapt\u0131. Fuarda Mu\u011fla genelinden \u00f6\u011frenciler taraf\u0131ndan haz\u0131rlanan toplam 50 proje sergilendi. \u00d6\u011frencilerin y\u0131l boyunca titizlikle \u00fczerinde \u00e7al\u0131\u015ft\u0131\u011f\u0131 projeler b\u00fcy\u00fck ilgi g\u00f6r\u00fcrken, fuar renkli g\u00f6r\u00fcnt\u00fclere sahne oldu.<\/p>\n<p>Fuar\u0131n a\u00e7\u0131l\u0131\u015f t\u00f6renine Mu\u011fla \u0130l Milli E\u011fitim M\u00fcd\u00fcr\u00fc Emre \u00c7ay, Mu\u011fla Sanayi ve Teknoloji \u0130l M\u00fcd\u00fcr\u00fc Munise \u0130lkay Konuk, Mente\u015fe \u0130l\u00e7e Milli E\u011fitim M\u00fcd\u00fcr\u00fc \u0130dris K\u00f6m\u00fcrc\u00fc, okul y\u00f6neticileri, \u00f6\u011fretmenler, \u00f6\u011frenciler ve \u00e7ok say\u0131da veli kat\u0131ld\u0131.<\/p>\n<p>T\u00f6rende konu\u015fan \u0130l Milli E\u011fitim M\u00fcd\u00fcr\u00fc Emre \u00c7ay, T\u00fcrkiye Y\u00fczy\u0131l\u0131 Maarif Modeli\u2019nin vizyonuyla \u00f6rt\u00fc\u015fen projelere ev sahipli\u011fi yapmaktan duydu\u011fu memnuniyeti dile getirerek, &#8220;Bug\u00fcn, Mu\u011fla\u2019m\u0131z\u0131n d\u00f6rt bir yan\u0131ndan gelen \u00f6\u011frencilerimizin bilime olan merak\u0131n\u0131 ve emeklerini sergiledikleri T\u00fcrkiye Bilimsel ve Teknolojik Ara\u015ft\u0131rma Kurumu 4006 Bilim Festivali\u2019ne hepiniz ho\u015f geldiniz. Sergilenen her proje, gen\u00e7lerimizin ara\u015ft\u0131ran, sorgulayan, \u00fcretken bireyler olarak yeti\u015fti\u011fini g\u00f6steriyor&#8221; dedi.<\/p>\n<p>Fuarda sergilenen projeler, kat\u0131l\u0131mc\u0131lar taraf\u0131ndan ilgiyle incelenirken, etkinlik \u00f6\u011frencilerin bilime olan ilgisini art\u0131ran ve onlar\u0131 yenilik\u00e7i d\u00fc\u015f\u00fcnmeye te\u015fvik eden anlaml\u0131 bir ad\u0131m olarak de\u011ferlendirildi.<br \/><\/p>\n","protected":false},"excerpt":{"rendered":"<p>Mu\u011fla\u2019n\u0131n Mente\u015fe il\u00e7esinde bulunan \u015eahidi Ortaokulu, T\u00fcrkiye Bilimsel ve Teknolojik Ara\u015ft\u0131rma Kurumu 4006 C Bilim Fuar\u0131\u2019na ev sahipli\u011fi yapt\u0131. Fuarda Mu\u011fla genelinden \u00f6\u011frenciler taraf\u0131ndan haz\u0131rlanan toplam 50 proje sergilendi. \u00d6\u011frencilerin y\u0131l boyunca titizlikle \u00fczerinde \u00e7al\u0131\u015ft\u0131\u011f\u0131 projeler b\u00fcy\u00fck ilgi g\u00f6r\u00fcrken, fuar renkli g\u00f6r\u00fcnt\u00fclere sahne oldu. Fuar\u0131n a\u00e7\u0131l\u0131\u015f t\u00f6renine Mu\u011fla \u0130l Milli E\u011fitim M\u00fcd\u00fcr\u00fc Emre \u00c7ay, Mu\u011fla&#8230;<\/p>\n","protected":false},"author":1,"featured_media":35523,"comment_status":"open","ping_status":"open","sticky":false,"template":"","format":"standard","meta":{"_crdt_document":"","footnotes":""},"categories":[124],"tags":[],"class_list":["post-35522","post","type-post","status-publish","format-standard","has-post-thumbnail","hentry","category-bilim"],"_links":{"self":[{"href":"https:\/\/www.egemtv.com\/index.php?rest_route=\/wp\/v2\/posts\/35522","targetHints":{"allow":["GET"]}}],"collection":[{"href":"https:\/\/www.egemtv.com\/index.php?rest_route=\/wp\/v2\/posts"}],"about":[{"href":"https:\/\/www.egemtv.com\/index.php?rest_route=\/wp\/v2\/types\/post"}],"author":[{"embeddable":true,"href":"https:\/\/www.egemtv.com\/index.php?rest_route=\/wp\/v2\/users\/1"}],"replies":[{"embeddable":true,"href":"https:\/\/www.egemtv.com\/index.php?rest_route=%2Fwp%2Fv2%2Fcomments&post=35522"}],"version-history":[{"count":1,"href":"https:\/\/www.egemtv.com\/index.php?rest_route=\/wp\/v2\/posts\/35522\/revisions"}],"predecessor-version":[{"id":35524,"href":"https:\/\/www.egemtv.com\/index.php?rest_route=\/wp\/v2\/posts\/35522\/revisions\/35524"}],"wp:featuredmedia":[{"embeddable":true,"href":"https:\/\/www.egemtv.com\/index.php?rest_route=\/wp\/v2\/media\/35523"}],"wp:attachment":[{"href":"https:\/\/www.egemtv.com\/index.php?rest_route=%2Fwp%2Fv2%2Fmedia&parent=35522"}],"wp:term":[{"taxonomy":"category","embeddable":true,"href":"https:\/\/www.egemtv.com\/index.php?rest_route=%2Fwp%2Fv2%2Fcategories&post=35522"},{"taxonomy":"post_tag","embeddable":true,"href":"https:\/\/www.egemtv.com\/index.php?rest_route=%2Fwp%2Fv2%2Ftags&post=35522"}],"curies":[{"name":"wp","href":"https:\/\/api.w.org\/{rel}","templated":true}]}}