{"id":35519,"date":"2025-06-16T13:58:54","date_gmt":"2025-06-16T10:58:54","guid":{"rendered":"https:\/\/www.egemtv.com\/?p=35519"},"modified":"2025-06-16T13:59:00","modified_gmt":"2025-06-16T10:59:00","slug":"bozdogan-kaymakamligi-uyardi-kucuk-bir-ihmal-buyuk-felaketlere-sebep-olabilir","status":"publish","type":"post","link":"https:\/\/www.egemtv.com\/?p=35519","title":{"rendered":"Bozdo\u011fan Kaymakaml\u0131\u011f\u0131 uyard\u0131: &#8220;K\u00fc\u00e7\u00fck bir ihmal b\u00fcy\u00fck felaketlere sebep olabilir&#8221;"},"content":{"rendered":"<p>Havalar\u0131n \u0131s\u0131nmas\u0131yla birlikte orman yang\u0131n\u0131 riski artarken, Bozdo\u011fan Kaymakaml\u0131\u011f\u0131 uyar\u0131da bulunarak, k\u00fc\u00e7\u00fck bir ihmalin b\u00fcy\u00fck felaketlere sebep olabilece\u011fine dikkat \u00e7ekti.<\/p>\n<p>T\u00fcrkiye\u2019nin en s\u0131cak illerinden olan Ayd\u0131n\u2019da havalar\u0131n \u0131s\u0131nmas\u0131yla birlikte orman yang\u0131nlar\u0131 riski de artmaya ba\u015flad\u0131. Ayd\u0131n Valili\u011fince al\u0131nan kararlar kapsam\u0131nda il s\u0131n\u0131rlar\u0131 i\u00e7erisinde bulunan ormanl\u0131k alanlara giri\u015f ve \u00e7\u0131k\u0131\u015flar 1 Haziran 2025 ile 31 Ekim 2025 tarihleri aras\u0131nda yasakland\u0131. Bir yandan il genelinde muhtemel orman yang\u0131nlar\u0131na kar\u015f\u0131 tedbirler al\u0131nmaya devam ederken, Bozdo\u011fan Kaymakaml\u0131\u011f\u0131 da yay\u0131nlad\u0131\u011f\u0131 mesajla vatanda\u015flara \u00e7a\u011fr\u0131da bulundu. Vatanda\u015flara \u2019dikkat\u2019 uyar\u0131s\u0131nda bulunan Bozdo\u011fan Kaymakaml\u0131\u011f\u0131, k\u00fc\u00e7\u00fck bir ihmalin b\u00fcy\u00fck felaketlere sebep oldu\u011funa dikkat \u00e7ekti.<\/p>\n<p>\u00d6zellikle arazilerde an\u0131z ve temizlik ate\u015finin yak\u0131lmamas\u0131 gerekti\u011fini vurgulayan Bozdo\u011fan Kaymakaml\u0131\u011f\u0131, yapt\u0131\u011f\u0131 a\u00e7\u0131klamada &#8220;K\u0131ymetli Bozdo\u011fanl\u0131lar, s\u0131cakl\u0131klar\u0131n art\u0131\u015f g\u00f6sterdi\u011fi bu g\u00fcnlerde ci\u011ferlerimiz olan ormanlara, \u00e7ocuklar\u0131m\u0131za miras b\u0131rakaca\u011f\u0131m\u0131z ye\u015fil vatana sahip \u00e7\u0131kal\u0131m. K\u00fc\u00e7\u00fck bir ihmal b\u00fcy\u00fck felaketlere sebep olabilir. L\u00fctfen dikkatli olal\u0131m. Ormanl\u0131k alanlarda ve yak\u0131nlar\u0131nda ate\u015f yakmayal\u0131m. Arazi ve bah\u00e7elerimizde, an\u0131z ve temizlik ate\u015fi yakmayal\u0131m. \u0130zmarit atmayal\u0131m, cam ve cam k\u0131r\u0131klar\u0131n\u0131 \u00e7evrede b\u0131rakmayal\u0131m. Ormanl\u0131k alanlara giri\u015flerin 1 Kas\u0131m\u2019a kadar yasak oldu\u011fundan mesire alanlar\u0131 d\u0131\u015f\u0131nda piknik yapmayal\u0131m. Do\u011fam\u0131z\u0131 hep birlikte koruyal\u0131m&#8221; ifadeleri yer ald\u0131.<br \/><\/p>\n","protected":false},"excerpt":{"rendered":"<p>Havalar\u0131n \u0131s\u0131nmas\u0131yla birlikte orman yang\u0131n\u0131 riski artarken, Bozdo\u011fan Kaymakaml\u0131\u011f\u0131 uyar\u0131da bulunarak, k\u00fc\u00e7\u00fck bir ihmalin b\u00fcy\u00fck felaketlere sebep olabilece\u011fine dikkat \u00e7ekti. T\u00fcrkiye\u2019nin en s\u0131cak illerinden olan Ayd\u0131n\u2019da havalar\u0131n \u0131s\u0131nmas\u0131yla birlikte orman yang\u0131nlar\u0131 riski de artmaya ba\u015flad\u0131. Ayd\u0131n Valili\u011fince al\u0131nan kararlar kapsam\u0131nda il s\u0131n\u0131rlar\u0131 i\u00e7erisinde bulunan ormanl\u0131k alanlara giri\u015f ve \u00e7\u0131k\u0131\u015flar 1 Haziran 2025 ile 31 Ekim&#8230;<\/p>\n","protected":false},"author":1,"featured_media":35520,"comment_status":"open","ping_status":"open","sticky":false,"template":"","format":"standard","meta":{"_crdt_document":"","footnotes":""},"categories":[1],"tags":[],"class_list":["post-35519","post","type-post","status-publish","format-standard","has-post-thumbnail","hentry","category-guncel"],"_links":{"self":[{"href":"https:\/\/www.egemtv.com\/index.php?rest_route=\/wp\/v2\/posts\/35519","targetHints":{"allow":["GET"]}}],"collection":[{"href":"https:\/\/www.egemtv.com\/index.php?rest_route=\/wp\/v2\/posts"}],"about":[{"href":"https:\/\/www.egemtv.com\/index.php?rest_route=\/wp\/v2\/types\/post"}],"author":[{"embeddable":true,"href":"https:\/\/www.egemtv.com\/index.php?rest_route=\/wp\/v2\/users\/1"}],"replies":[{"embeddable":true,"href":"https:\/\/www.egemtv.com\/index.php?rest_route=%2Fwp%2Fv2%2Fcomments&post=35519"}],"version-history":[{"count":1,"href":"https:\/\/www.egemtv.com\/index.php?rest_route=\/wp\/v2\/posts\/35519\/revisions"}],"predecessor-version":[{"id":35521,"href":"https:\/\/www.egemtv.com\/index.php?rest_route=\/wp\/v2\/posts\/35519\/revisions\/35521"}],"wp:featuredmedia":[{"embeddable":true,"href":"https:\/\/www.egemtv.com\/index.php?rest_route=\/wp\/v2\/media\/35520"}],"wp:attachment":[{"href":"https:\/\/www.egemtv.com\/index.php?rest_route=%2Fwp%2Fv2%2Fmedia&parent=35519"}],"wp:term":[{"taxonomy":"category","embeddable":true,"href":"https:\/\/www.egemtv.com\/index.php?rest_route=%2Fwp%2Fv2%2Fcategories&post=35519"},{"taxonomy":"post_tag","embeddable":true,"href":"https:\/\/www.egemtv.com\/index.php?rest_route=%2Fwp%2Fv2%2Ftags&post=35519"}],"curies":[{"name":"wp","href":"https:\/\/api.w.org\/{rel}","templated":true}]}}