{"id":35516,"date":"2025-06-16T13:37:14","date_gmt":"2025-06-16T10:37:14","guid":{"rendered":"https:\/\/www.egemtv.com\/?p=35516"},"modified":"2025-06-16T13:37:19","modified_gmt":"2025-06-16T10:37:19","slug":"saglik-bilimleri-fakultesinde-mezuniyet-coskusu","status":"publish","type":"post","link":"https:\/\/www.egemtv.com\/?p=35516","title":{"rendered":"Sa\u011fl\u0131k Bilimleri Fak\u00fcltesi\u2019nde mezuniyet co\u015fkusu"},"content":{"rendered":"<p>Mu\u011fla S\u0131tk\u0131 Ko\u00e7man \u00dcniversitesi (MSK\u00dc) Sa\u011fl\u0131k Bilimleri Fak\u00fcltesi 2024-2025 E\u011fitim \u00d6\u011fretim Y\u0131l\u0131 Mezuniyet T\u00f6reni, 14 Haziran Cuma g\u00fcn\u00fc \u00fcniversite kamp\u00fcs\u00fcndeki stadyumda b\u00fcy\u00fck bir co\u015fku ve heyecanla ger\u00e7ekle\u015ftirildi. Bu y\u0131lki mezuniyet t\u00f6reni, \u00f6zellikle Dil ve Konu\u015fma Terapisi B\u00f6l\u00fcm\u00fc\u2019n\u00fcn ilk mezunlar\u0131n\u0131 u\u011furlamas\u0131 nedeniyle ayr\u0131 bir anlam ta\u015f\u0131d\u0131.<\/p>\n<p>T\u00f6rene MSK\u00dc Rekt\u00f6r Yard\u0131mc\u0131s\u0131 Prof. Dr. Mustafa G\u00f6k\u00e7e, Sa\u011fl\u0131k Bilimleri Fak\u00fcltesi Dekan\u0131 Prof. Dr. \u00d6mer Gider, Mente\u015fe Devlet Hastanesi Ba\u015fhekimi Op. Dr. \u015eadi Ball\u0131, Mu\u011fla \u0130l Sa\u011fl\u0131k M\u00fcd\u00fcrl\u00fc\u011f\u00fc\u2019nden Uzm. Dr. Mustafa Kule, fak\u00fclte \u00f6\u011fretim \u00fcyeleri, mezun \u00f6\u011frenciler ve aileleri kat\u0131ld\u0131. Program, \u00f6\u011frencilerin t\u00f6ren ge\u00e7idiyle ba\u015flad\u0131. Sayg\u0131 duru\u015fu ve \u0130stiklal Mar\u015f\u0131\u2019n\u0131n okunmas\u0131n\u0131n ard\u0131ndan protokol konu\u015fmalar\u0131 yap\u0131ld\u0131. MSK\u00dc Rekt\u00f6r Yard\u0131mc\u0131s\u0131 Prof. Dr. Mustafa G\u00f6k\u00e7e yapt\u0131\u011f\u0131 konu\u015fmada, \u00fcniversitenin kap\u0131lar\u0131n\u0131n mezunlara her zaman a\u00e7\u0131k oldu\u011funu belirterek, mezunlara meslek ya\u015famlar\u0131nda ba\u015far\u0131lar diledi.<\/p>\n<p>&#8220;\u0130lk mezuniyet heyecan\u0131, dil ve konu\u015fma terapisi b\u00f6l\u00fcm\u00fc&#8221;<br \/>\n<br \/>Bu y\u0131lki mezuniyet t\u00f6reninin en dikkat \u00e7eken anlar\u0131ndan biri, Sa\u011fl\u0131k Bilimleri Fak\u00fcltesi b\u00fcnyesinde a\u00e7\u0131lan Dil ve Konu\u015fma Terapisi B\u00f6l\u00fcm\u00fc\u2019n\u00fcn ilk mezunlar\u0131n\u0131 u\u011furlamas\u0131 oldu. Fak\u00fclte Dekan\u0131 Prof. Dr. \u00d6mer Gider yapt\u0131\u011f\u0131 konu\u015fmada, &#8220;Bu y\u0131l mezuniyet t\u00f6renimiz \u00f6zel bir anlam ta\u015f\u0131yor. Dil ve Konu\u015fma Terapisi B\u00f6l\u00fcm\u00fcm\u00fcz ilk mezunlar\u0131n\u0131 u\u011furluyor. Onun heyecan\u0131n\u0131 ya\u015f\u0131yoruz&#8221; diyerek, t\u00fcm mezun \u00f6\u011frencileri tebrik etti.<\/p>\n<p>T\u00f6rende, fak\u00fclte ve b\u00f6l\u00fcmlerini dereceyle bitiren \u00f6\u011frencilere ba\u015far\u0131 belgeleri ve plaketleri takdim edildi. Mezun \u00f6\u011frenciler, b\u00f6l\u00fcm hocalar\u0131 e\u015fli\u011finde T\u00fcrk bayra\u011f\u0131 alt\u0131nda s\u0131rayla meslek yeminlerini etti. Yemin t\u00f6reninin ard\u0131ndan 421 \u00f6\u011frenci, b\u00fcy\u00fck bir co\u015fkuyla keplerini havaya f\u0131rlatarak mezuniyet sevincini ya\u015fad\u0131. T\u00f6ren sonunda \u00f6\u011frencilere, ailelerine ve eme\u011fi ge\u00e7en akademik personele te\u015fekk\u00fcr edildi.<br \/><\/p>\n","protected":false},"excerpt":{"rendered":"<p>Mu\u011fla S\u0131tk\u0131 Ko\u00e7man \u00dcniversitesi (MSK\u00dc) Sa\u011fl\u0131k Bilimleri Fak\u00fcltesi 2024-2025 E\u011fitim \u00d6\u011fretim Y\u0131l\u0131 Mezuniyet T\u00f6reni, 14 Haziran Cuma g\u00fcn\u00fc \u00fcniversite kamp\u00fcs\u00fcndeki stadyumda b\u00fcy\u00fck bir co\u015fku ve heyecanla ger\u00e7ekle\u015ftirildi. Bu y\u0131lki mezuniyet t\u00f6reni, \u00f6zellikle Dil ve Konu\u015fma Terapisi B\u00f6l\u00fcm\u00fc\u2019n\u00fcn ilk mezunlar\u0131n\u0131 u\u011furlamas\u0131 nedeniyle ayr\u0131 bir anlam ta\u015f\u0131d\u0131. T\u00f6rene MSK\u00dc Rekt\u00f6r Yard\u0131mc\u0131s\u0131 Prof. Dr. Mustafa G\u00f6k\u00e7e, Sa\u011fl\u0131k Bilimleri&#8230;<\/p>\n","protected":false},"author":1,"featured_media":35517,"comment_status":"open","ping_status":"open","sticky":false,"template":"","format":"standard","meta":{"_crdt_document":"","footnotes":""},"categories":[1],"tags":[],"class_list":["post-35516","post","type-post","status-publish","format-standard","has-post-thumbnail","hentry","category-guncel"],"_links":{"self":[{"href":"https:\/\/www.egemtv.com\/index.php?rest_route=\/wp\/v2\/posts\/35516","targetHints":{"allow":["GET"]}}],"collection":[{"href":"https:\/\/www.egemtv.com\/index.php?rest_route=\/wp\/v2\/posts"}],"about":[{"href":"https:\/\/www.egemtv.com\/index.php?rest_route=\/wp\/v2\/types\/post"}],"author":[{"embeddable":true,"href":"https:\/\/www.egemtv.com\/index.php?rest_route=\/wp\/v2\/users\/1"}],"replies":[{"embeddable":true,"href":"https:\/\/www.egemtv.com\/index.php?rest_route=%2Fwp%2Fv2%2Fcomments&post=35516"}],"version-history":[{"count":1,"href":"https:\/\/www.egemtv.com\/index.php?rest_route=\/wp\/v2\/posts\/35516\/revisions"}],"predecessor-version":[{"id":35518,"href":"https:\/\/www.egemtv.com\/index.php?rest_route=\/wp\/v2\/posts\/35516\/revisions\/35518"}],"wp:featuredmedia":[{"embeddable":true,"href":"https:\/\/www.egemtv.com\/index.php?rest_route=\/wp\/v2\/media\/35517"}],"wp:attachment":[{"href":"https:\/\/www.egemtv.com\/index.php?rest_route=%2Fwp%2Fv2%2Fmedia&parent=35516"}],"wp:term":[{"taxonomy":"category","embeddable":true,"href":"https:\/\/www.egemtv.com\/index.php?rest_route=%2Fwp%2Fv2%2Fcategories&post=35516"},{"taxonomy":"post_tag","embeddable":true,"href":"https:\/\/www.egemtv.com\/index.php?rest_route=%2Fwp%2Fv2%2Ftags&post=35516"}],"curies":[{"name":"wp","href":"https:\/\/api.w.org\/{rel}","templated":true}]}}