{"id":35510,"date":"2025-06-16T13:37:05","date_gmt":"2025-06-16T10:37:05","guid":{"rendered":"https:\/\/www.egemtv.com\/?p=35510"},"modified":"2025-06-16T13:37:09","modified_gmt":"2025-06-16T10:37:09","slug":"akkoy-kutuphanesi-hizmete-acildi-bolgenin-kultur-duragi-oldu","status":"publish","type":"post","link":"https:\/\/www.egemtv.com\/?p=35510","title":{"rendered":"Akk\u00f6y K\u00fct\u00fcphanesi hizmete a\u00e7\u0131ld\u0131, b\u00f6lgenin k\u00fclt\u00fcr dura\u011f\u0131 oldu"},"content":{"rendered":"<p>Didim Belediyesi taraf\u0131ndan hayata ge\u00e7irilen Akk\u00f6y K\u00fct\u00fcphanesi, hem b\u00f6lgenin k\u00fclt\u00fcr dura\u011f\u0131 oldu hem de bilgiyle bulu\u015fmak isteyenlerin yeni adresi oldu.<\/p>\n<p>Didim\u2019in tarihi ve do\u011fal g\u00fczellikleriyle \u00f6ne \u00e7\u0131kan mahallelerinden olan Akk\u00f6y Mahallesi, art\u0131k k\u00fclt\u00fcrel bir soluklanma noktalar\u0131ndan biri haine de geldi. Didim Belediyesi taraf\u0131ndan hayata ge\u00e7irilen Akk\u00f6y K\u00fct\u00fcphanesi, b\u00f6lge halk\u0131 ve ziyaret\u00e7iler i\u00e7in hem bilgiye ula\u015fman\u0131n hem de huzurlu bir molan\u0131n adresi oldu. Her Pazar g\u00fcn\u00fc kurulan yerel pazar\u0131n hemen yan\u0131nda konumlanan k\u00fct\u00fcphane, al\u0131\u015fveri\u015f sonras\u0131 dinlenmek isteyenler i\u00e7in s\u0131cak ve samimi bir ortam sunuyor. Kitap kokusunun hakim oldu\u011fu mekanda ziyaret\u00e7iler, ister kitap okuyarak zaman ge\u00e7irebiliyor ister sadece sakin atmosferin keyfini s\u00fcrebiliyor.<\/p>\n<p>Herkesi k\u00fct\u00fcphaneye ziyaret etmeyi beklediklerini ifade eden Didim Belediyesi &#8220;Akk\u00f6y K\u00fct\u00fcphanesi\u2019ne u\u011frad\u0131n\u0131z m\u0131?&#8221; ba\u015fl\u0131\u011f\u0131yla yapt\u0131\u011f\u0131 payla\u015f\u0131mda &#8220;Didim\u2019in sakl\u0131 g\u00fczelliklerinden biri olan Akk\u00f6y\u2019e yepyeni bir soluk kazand\u0131rd\u0131k. Akk\u00f6y K\u00fct\u00fcphanesi, her Pazar kurulan yerel pazar\u0131n hemen yan\u0131 ba\u015f\u0131nda bulunan bu s\u0131cak mekan, hem bilgiyle bulu\u015fmak isteyenler hem de al\u0131\u015fveri\u015f sonras\u0131 k\u0131sa bir mola vermek isteyenler i\u00e7in ideal bir durak. Al\u0131\u015fveri\u015finizi yapt\u0131ktan sonra, kitap kokusu e\u015fli\u011finde dinlenebilece\u011finiz keyifli bir ortam sizi bekliyor. Dilerseniz bir k\u00f6\u015feye \u00e7ekilip kitab\u0131n\u0131z\u0131 okuyabilir, dilerseniz sadece bu sakin atmosferin tad\u0131n\u0131 \u00e7\u0131karabilirsiniz. Akk\u00f6y\u2019\u00fcn ruhuna yak\u0131\u015fan bu \u00f6zel dura\u011f\u0131m\u0131za sizleri de bekliyoruz&#8221; ifadeleri yer ald\u0131.<br \/><\/p>\n","protected":false},"excerpt":{"rendered":"<p>Didim Belediyesi taraf\u0131ndan hayata ge\u00e7irilen Akk\u00f6y K\u00fct\u00fcphanesi, hem b\u00f6lgenin k\u00fclt\u00fcr dura\u011f\u0131 oldu hem de bilgiyle bulu\u015fmak isteyenlerin yeni adresi oldu. Didim\u2019in tarihi ve do\u011fal g\u00fczellikleriyle \u00f6ne \u00e7\u0131kan mahallelerinden olan Akk\u00f6y Mahallesi, art\u0131k k\u00fclt\u00fcrel bir soluklanma noktalar\u0131ndan biri haine de geldi. Didim Belediyesi taraf\u0131ndan hayata ge\u00e7irilen Akk\u00f6y K\u00fct\u00fcphanesi, b\u00f6lge halk\u0131 ve ziyaret\u00e7iler i\u00e7in hem bilgiye ula\u015fman\u0131n&#8230;<\/p>\n","protected":false},"author":1,"featured_media":35511,"comment_status":"open","ping_status":"open","sticky":false,"template":"","format":"standard","meta":{"_crdt_document":"","footnotes":""},"categories":[1],"tags":[],"class_list":["post-35510","post","type-post","status-publish","format-standard","has-post-thumbnail","hentry","category-guncel"],"_links":{"self":[{"href":"https:\/\/www.egemtv.com\/index.php?rest_route=\/wp\/v2\/posts\/35510","targetHints":{"allow":["GET"]}}],"collection":[{"href":"https:\/\/www.egemtv.com\/index.php?rest_route=\/wp\/v2\/posts"}],"about":[{"href":"https:\/\/www.egemtv.com\/index.php?rest_route=\/wp\/v2\/types\/post"}],"author":[{"embeddable":true,"href":"https:\/\/www.egemtv.com\/index.php?rest_route=\/wp\/v2\/users\/1"}],"replies":[{"embeddable":true,"href":"https:\/\/www.egemtv.com\/index.php?rest_route=%2Fwp%2Fv2%2Fcomments&post=35510"}],"version-history":[{"count":1,"href":"https:\/\/www.egemtv.com\/index.php?rest_route=\/wp\/v2\/posts\/35510\/revisions"}],"predecessor-version":[{"id":35512,"href":"https:\/\/www.egemtv.com\/index.php?rest_route=\/wp\/v2\/posts\/35510\/revisions\/35512"}],"wp:featuredmedia":[{"embeddable":true,"href":"https:\/\/www.egemtv.com\/index.php?rest_route=\/wp\/v2\/media\/35511"}],"wp:attachment":[{"href":"https:\/\/www.egemtv.com\/index.php?rest_route=%2Fwp%2Fv2%2Fmedia&parent=35510"}],"wp:term":[{"taxonomy":"category","embeddable":true,"href":"https:\/\/www.egemtv.com\/index.php?rest_route=%2Fwp%2Fv2%2Fcategories&post=35510"},{"taxonomy":"post_tag","embeddable":true,"href":"https:\/\/www.egemtv.com\/index.php?rest_route=%2Fwp%2Fv2%2Ftags&post=35510"}],"curies":[{"name":"wp","href":"https:\/\/api.w.org\/{rel}","templated":true}]}}