{"id":35477,"date":"2025-06-16T12:36:19","date_gmt":"2025-06-16T09:36:19","guid":{"rendered":"https:\/\/www.egemtv.com\/?p=35477"},"modified":"2025-06-16T12:36:22","modified_gmt":"2025-06-16T09:36:22","slug":"gedizde-yilan-ve-kene-alarmi","status":"publish","type":"post","link":"https:\/\/www.egemtv.com\/?p=35477","title":{"rendered":"Gediz\u2019de y\u0131lan ve kene alarm\u0131"},"content":{"rendered":"<p>K\u00fctahya\u2019n\u0131n Gediz il\u00e7esinde, yaz ba\u015f\u0131nda mevsim normallerinin \u00fczerinde seyreden hava s\u0131cakl\u0131klar\u0131, y\u0131lan pop\u00fclasyonunda g\u00f6zle g\u00f6r\u00fcl\u00fcr bir art\u0131\u015fa neden oldu. Kent merkezinde ve k\u00f6ylerde evlere kadar giren y\u0131lanlar, vatanda\u015flarda endi\u015feye yol a\u00e7arken, Gediz Belediyesi itfaiye ekipleri bu duruma h\u0131zl\u0131ca m\u00fcdahale ediyor.<br \/>\n<br \/>Ekipler, y\u0131lan ihbarlar\u0131na an\u0131nda cevap vererek vatanda\u015flar\u0131n imdad\u0131na yeti\u015fiyor. Son olarak Tepep\u0131nar, Ece k\u00f6yleri ile Muhipler Mahallesi\u2019nde vatanda\u015flar\u0131n evlerine giren y\u0131lanlar\u0131 titizlikle yakalayan ekipler, y\u0131lanlar\u0131 zarar vermeden do\u011fal ortamlar\u0131na geri b\u0131rakt\u0131. Bu \u00e7al\u0131\u015fmalarla hem y\u0131lanlar\u0131n hem de vatanda\u015flar\u0131n g\u00fcvenli\u011fi sa\u011flan\u0131yor.<br \/>\n<br \/>Konuyla ilgili a\u00e7\u0131klamalarda bulunan Gediz \u0130tfaiye M\u00fcd\u00fcrl\u00fc\u011f\u00fc yetkilileri, vatanda\u015flar\u0131 y\u0131lan ve kene tehlikesine kar\u015f\u0131 uyard\u0131. \u0130tfaiye M\u00fcd\u00fcrl\u00fc\u011f\u00fc, \u00f6zellikle s\u0131cak havalarda y\u0131lanlar\u0131n daha aktif olabilece\u011fini belirterek \u015funlar\u0131 ifade etti:<br \/>\n<br \/>&#8220;Mevsim normallerinin \u00fczerinde seyreden s\u0131cakl\u0131klar nedeniyle y\u0131lanlar do\u011fal ya\u015fam alanlar\u0131ndan \u00e7\u0131karak yerle\u015fim yerlerine daha s\u0131k girebiliyor. Vatanda\u015flar\u0131m\u0131z\u0131n evlerine giren veya yak\u0131n \u00e7evrede g\u00f6r\u00fclen y\u0131lanlara kesinlikle \u00e7\u0131plak elle m\u00fcdahale etmemesi, pani\u011fe kap\u0131lmadan 112 Acil \u00c7a\u011fr\u0131 Merkezi\u2019ni veya do\u011frudan itfaiyeyi aramalar\u0131 b\u00fcy\u00fck \u00f6nem ta\u015f\u0131maktad\u0131r. Ekiplerimiz, gerekli ekipmanlarla h\u0131zl\u0131ca olay yerine ula\u015farak y\u0131lanlar\u0131 yakalay\u0131p do\u011fal ortamlar\u0131na geri b\u0131rakmaktad\u0131r. Y\u0131lanlar\u0131n yan\u0131 s\u0131ra, bu d\u00f6nemde kene pop\u00fclasyonunda da art\u0131\u015f g\u00f6zlenmektedir. \u00d6zellikle k\u0131rsal alanlarda, park ve bah\u00e7elerde zaman ge\u00e7iren vatanda\u015flar\u0131m\u0131z\u0131n v\u00fccutlar\u0131n\u0131 kontrol etmeleri ve a\u00e7\u0131k alanlarda dikkatli olmalar\u0131 gerekmektedir. \u015e\u00fcpheli bir durumla kar\u015f\u0131la\u015fanlar\u0131n en yak\u0131n sa\u011fl\u0131k kurulu\u015funa ba\u015fvurmalar\u0131 \u00f6nemlidir. Temas halinde ise kenenin kendisinin \u00e7\u0131kar\u0131lmaya \u00e7al\u0131\u015f\u0131lmamas\u0131 ve hemen sa\u011fl\u0131k kurulu\u015funa gidilmesi hayati \u00f6nem ta\u015f\u0131r.&#8221;<br \/><\/p>\n","protected":false},"excerpt":{"rendered":"<p>K\u00fctahya\u2019n\u0131n Gediz il\u00e7esinde, yaz ba\u015f\u0131nda mevsim normallerinin \u00fczerinde seyreden hava s\u0131cakl\u0131klar\u0131, y\u0131lan pop\u00fclasyonunda g\u00f6zle g\u00f6r\u00fcl\u00fcr bir art\u0131\u015fa neden oldu. Kent merkezinde ve k\u00f6ylerde evlere kadar giren y\u0131lanlar, vatanda\u015flarda endi\u015feye yol a\u00e7arken, Gediz Belediyesi itfaiye ekipleri bu duruma h\u0131zl\u0131ca m\u00fcdahale ediyor. Ekipler, y\u0131lan ihbarlar\u0131na an\u0131nda cevap vererek vatanda\u015flar\u0131n imdad\u0131na yeti\u015fiyor. Son olarak Tepep\u0131nar, Ece k\u00f6yleri ile&#8230;<\/p>\n","protected":false},"author":1,"featured_media":35478,"comment_status":"open","ping_status":"open","sticky":false,"template":"","format":"standard","meta":{"_crdt_document":"","footnotes":""},"categories":[123],"tags":[],"class_list":["post-35477","post","type-post","status-publish","format-standard","has-post-thumbnail","hentry","category-gundem"],"_links":{"self":[{"href":"https:\/\/www.egemtv.com\/index.php?rest_route=\/wp\/v2\/posts\/35477","targetHints":{"allow":["GET"]}}],"collection":[{"href":"https:\/\/www.egemtv.com\/index.php?rest_route=\/wp\/v2\/posts"}],"about":[{"href":"https:\/\/www.egemtv.com\/index.php?rest_route=\/wp\/v2\/types\/post"}],"author":[{"embeddable":true,"href":"https:\/\/www.egemtv.com\/index.php?rest_route=\/wp\/v2\/users\/1"}],"replies":[{"embeddable":true,"href":"https:\/\/www.egemtv.com\/index.php?rest_route=%2Fwp%2Fv2%2Fcomments&post=35477"}],"version-history":[{"count":1,"href":"https:\/\/www.egemtv.com\/index.php?rest_route=\/wp\/v2\/posts\/35477\/revisions"}],"predecessor-version":[{"id":35479,"href":"https:\/\/www.egemtv.com\/index.php?rest_route=\/wp\/v2\/posts\/35477\/revisions\/35479"}],"wp:featuredmedia":[{"embeddable":true,"href":"https:\/\/www.egemtv.com\/index.php?rest_route=\/wp\/v2\/media\/35478"}],"wp:attachment":[{"href":"https:\/\/www.egemtv.com\/index.php?rest_route=%2Fwp%2Fv2%2Fmedia&parent=35477"}],"wp:term":[{"taxonomy":"category","embeddable":true,"href":"https:\/\/www.egemtv.com\/index.php?rest_route=%2Fwp%2Fv2%2Fcategories&post=35477"},{"taxonomy":"post_tag","embeddable":true,"href":"https:\/\/www.egemtv.com\/index.php?rest_route=%2Fwp%2Fv2%2Ftags&post=35477"}],"curies":[{"name":"wp","href":"https:\/\/api.w.org\/{rel}","templated":true}]}}