{"id":35474,"date":"2025-06-16T12:36:14","date_gmt":"2025-06-16T09:36:14","guid":{"rendered":"https:\/\/www.egemtv.com\/?p=35474"},"modified":"2025-06-16T12:36:19","modified_gmt":"2025-06-16T09:36:19","slug":"muglanin-sagligina-kadin-eli-degecek","status":"publish","type":"post","link":"https:\/\/www.egemtv.com\/?p=35474","title":{"rendered":"Mu\u011fla\u2019n\u0131n sa\u011fl\u0131\u011f\u0131na kad\u0131n eli de\u011fecek"},"content":{"rendered":"<p>Mu\u011fla \u0130l Sa\u011fl\u0131k M\u00fcd\u00fcrl\u00fc\u011f\u00fc\u2019nde Dr. Eri\u015f Ba\u015faran Ak\u00e7a g\u00f6revi Dr. Ali Burak M\u00fclayim\u2019den teslim alarak Mu\u011fla\u2019n\u0131n ilk kad\u0131n \u0130l Sa\u011fl\u0131k M\u00fcd\u00fcr\u00fc oldu.<br \/>\n<br \/>2023 y\u0131l\u0131nda Dr. \u0130skender Gencer\u2019in g\u00f6revden al\u0131nmas\u0131 ile g\u00f6reve gelen Dr. Ali Burak M\u00fclayim, ge\u00e7en hafta i\u00e7inde g\u00f6revden al\u0131nm\u0131\u015ft\u0131. Dr. M\u00fclayim\u2019in yerine ise Halk Sa\u011fl\u0131\u011f\u0131 Hizmetleri Ba\u015fkanl\u0131\u011f\u0131 da yapan Dr. Eri\u015f Ba\u015faran Akca atad\u0131.<br \/>\n<br \/>Mu\u011fla \u0130l Sa\u011fl\u0131k M\u00fcd\u00fcrl\u00fc\u011f\u00fc g\u00f6revine atanan Eri\u015f Ba\u015faran Ak\u00e7a, d\u00fczenlenen devir teslim t\u00f6reniyle g\u00f6revine resmen ba\u015flad\u0131. Dr. Akca g\u00f6revi Dr. Ali Burak M\u00fclayim\u2019den devralarak Mu\u011fla\u2019da ilk defa bir kad\u0131n \u0130l Sa\u011fl\u0131k M\u00fcd\u00fcrl\u00fc\u011f\u00fc g\u00f6revine atanm\u0131\u015f oldu.<br \/><\/p>\n","protected":false},"excerpt":{"rendered":"<p>Mu\u011fla \u0130l Sa\u011fl\u0131k M\u00fcd\u00fcrl\u00fc\u011f\u00fc\u2019nde Dr. Eri\u015f Ba\u015faran Ak\u00e7a g\u00f6revi Dr. Ali Burak M\u00fclayim\u2019den teslim alarak Mu\u011fla\u2019n\u0131n ilk kad\u0131n \u0130l Sa\u011fl\u0131k M\u00fcd\u00fcr\u00fc oldu. 2023 y\u0131l\u0131nda Dr. \u0130skender Gencer\u2019in g\u00f6revden al\u0131nmas\u0131 ile g\u00f6reve gelen Dr. Ali Burak M\u00fclayim, ge\u00e7en hafta i\u00e7inde g\u00f6revden al\u0131nm\u0131\u015ft\u0131. Dr. M\u00fclayim\u2019in yerine ise Halk Sa\u011fl\u0131\u011f\u0131 Hizmetleri Ba\u015fkanl\u0131\u011f\u0131 da yapan Dr. Eri\u015f Ba\u015faran Akca&#8230;<\/p>\n","protected":false},"author":1,"featured_media":35475,"comment_status":"open","ping_status":"open","sticky":false,"template":"","format":"standard","meta":{"_crdt_document":"","footnotes":""},"categories":[2],"tags":[],"class_list":["post-35474","post","type-post","status-publish","format-standard","has-post-thumbnail","hentry","category-saglik"],"_links":{"self":[{"href":"https:\/\/www.egemtv.com\/index.php?rest_route=\/wp\/v2\/posts\/35474","targetHints":{"allow":["GET"]}}],"collection":[{"href":"https:\/\/www.egemtv.com\/index.php?rest_route=\/wp\/v2\/posts"}],"about":[{"href":"https:\/\/www.egemtv.com\/index.php?rest_route=\/wp\/v2\/types\/post"}],"author":[{"embeddable":true,"href":"https:\/\/www.egemtv.com\/index.php?rest_route=\/wp\/v2\/users\/1"}],"replies":[{"embeddable":true,"href":"https:\/\/www.egemtv.com\/index.php?rest_route=%2Fwp%2Fv2%2Fcomments&post=35474"}],"version-history":[{"count":1,"href":"https:\/\/www.egemtv.com\/index.php?rest_route=\/wp\/v2\/posts\/35474\/revisions"}],"predecessor-version":[{"id":35476,"href":"https:\/\/www.egemtv.com\/index.php?rest_route=\/wp\/v2\/posts\/35474\/revisions\/35476"}],"wp:featuredmedia":[{"embeddable":true,"href":"https:\/\/www.egemtv.com\/index.php?rest_route=\/wp\/v2\/media\/35475"}],"wp:attachment":[{"href":"https:\/\/www.egemtv.com\/index.php?rest_route=%2Fwp%2Fv2%2Fmedia&parent=35474"}],"wp:term":[{"taxonomy":"category","embeddable":true,"href":"https:\/\/www.egemtv.com\/index.php?rest_route=%2Fwp%2Fv2%2Fcategories&post=35474"},{"taxonomy":"post_tag","embeddable":true,"href":"https:\/\/www.egemtv.com\/index.php?rest_route=%2Fwp%2Fv2%2Ftags&post=35474"}],"curies":[{"name":"wp","href":"https:\/\/api.w.org\/{rel}","templated":true}]}}