{"id":35468,"date":"2025-06-16T12:16:48","date_gmt":"2025-06-16T09:16:48","guid":{"rendered":"https:\/\/www.egemtv.com\/?p=35468"},"modified":"2025-06-16T12:16:54","modified_gmt":"2025-06-16T09:16:54","slug":"aydinda-iki-gunde-27-aranan-sahis-yakalandi","status":"publish","type":"post","link":"https:\/\/www.egemtv.com\/?p=35468","title":{"rendered":"Ayd\u0131n\u2019da iki g\u00fcnde 27 aranan \u015fah\u0131s yakaland\u0131"},"content":{"rendered":"<p>Ayd\u0131n\u2019da jandarma ekiplerince yap\u0131lan \u00e7al\u0131\u015fmalar sonunda iki g\u00fcnde 27 aranan \u015fah\u0131s yakaland\u0131.<\/p>\n<p>Ayd\u0131n \u0130l Jandarma Komutanl\u0131\u011f\u0131 JASAT Timleri ve \u0130l\u00e7e Jandarma Komutanlar\u0131 taraf\u0131ndan hakk\u0131nda yakalama karar\u0131 bulunan \u015fah\u0131slara y\u00f6nelik \u00e7al\u0131\u015fma ger\u00e7ekle\u015ftirildi. \u0130ki g\u00fcn boyunca yap\u0131lan \u00e7al\u0131\u015fmalar kapsam\u0131nda 0-5 y\u0131l aras\u0131 hapis cezas\u0131 ile aranmakta olan 14 \u015fah\u0131s, 5-10 y\u0131l aras\u0131 hapis cezas\u0131 ile aranmakta olan 1 \u015fah\u0131s, 10-20 y\u0131l aras\u0131 hapis cezas\u0131 ile aranmakta olan 1 \u015fah\u0131s, 20 y\u0131l \u00fczeri hapis cezas\u0131 ile aranmakta olan 1 \u015fah\u0131s, ifadeye y\u00f6nelik aranan 10 \u015fah\u0131s olmak \u00fczere toplam 27 aranan \u015fah\u0131s yakaland\u0131. Yakalanan 27 \u015fah\u0131s aras\u0131nda h\u0131rs\u0131zl\u0131k su\u00e7undan 4 \u015fah\u0131s, narkotik su\u00e7lardan 3 \u015fah\u0131s, cinsel su\u00e7lardan 3 \u015fah\u0131s, kasten \u00f6ld\u00fcrme su\u00e7undan 1 \u015fah\u0131s, yaralama su\u00e7undan 1 \u015fah\u0131s, ya\u011fma su\u00e7undan 1 \u015fah\u0131s ve di\u011fer su\u00e7lardan aranan 14 \u015fah\u0131s bulundu\u011fu \u00f6\u011frenilirken, \u015f\u00fcpheliler hakk\u0131nda ba\u015flat\u0131lan adi s\u00fcre\u00e7 devam ediyor.<br \/><\/p>\n","protected":false},"excerpt":{"rendered":"<p>Ayd\u0131n\u2019da jandarma ekiplerince yap\u0131lan \u00e7al\u0131\u015fmalar sonunda iki g\u00fcnde 27 aranan \u015fah\u0131s yakaland\u0131. Ayd\u0131n \u0130l Jandarma Komutanl\u0131\u011f\u0131 JASAT Timleri ve \u0130l\u00e7e Jandarma Komutanlar\u0131 taraf\u0131ndan hakk\u0131nda yakalama karar\u0131 bulunan \u015fah\u0131slara y\u00f6nelik \u00e7al\u0131\u015fma ger\u00e7ekle\u015ftirildi. \u0130ki g\u00fcn boyunca yap\u0131lan \u00e7al\u0131\u015fmalar kapsam\u0131nda 0-5 y\u0131l aras\u0131 hapis cezas\u0131 ile aranmakta olan 14 \u015fah\u0131s, 5-10 y\u0131l aras\u0131 hapis cezas\u0131 ile aranmakta olan&#8230;<\/p>\n","protected":false},"author":1,"featured_media":35469,"comment_status":"open","ping_status":"open","sticky":false,"template":"","format":"standard","meta":{"_crdt_document":"","footnotes":""},"categories":[5],"tags":[],"class_list":["post-35468","post","type-post","status-publish","format-standard","has-post-thumbnail","hentry","category-asayis"],"_links":{"self":[{"href":"https:\/\/www.egemtv.com\/index.php?rest_route=\/wp\/v2\/posts\/35468","targetHints":{"allow":["GET"]}}],"collection":[{"href":"https:\/\/www.egemtv.com\/index.php?rest_route=\/wp\/v2\/posts"}],"about":[{"href":"https:\/\/www.egemtv.com\/index.php?rest_route=\/wp\/v2\/types\/post"}],"author":[{"embeddable":true,"href":"https:\/\/www.egemtv.com\/index.php?rest_route=\/wp\/v2\/users\/1"}],"replies":[{"embeddable":true,"href":"https:\/\/www.egemtv.com\/index.php?rest_route=%2Fwp%2Fv2%2Fcomments&post=35468"}],"version-history":[{"count":1,"href":"https:\/\/www.egemtv.com\/index.php?rest_route=\/wp\/v2\/posts\/35468\/revisions"}],"predecessor-version":[{"id":35470,"href":"https:\/\/www.egemtv.com\/index.php?rest_route=\/wp\/v2\/posts\/35468\/revisions\/35470"}],"wp:featuredmedia":[{"embeddable":true,"href":"https:\/\/www.egemtv.com\/index.php?rest_route=\/wp\/v2\/media\/35469"}],"wp:attachment":[{"href":"https:\/\/www.egemtv.com\/index.php?rest_route=%2Fwp%2Fv2%2Fmedia&parent=35468"}],"wp:term":[{"taxonomy":"category","embeddable":true,"href":"https:\/\/www.egemtv.com\/index.php?rest_route=%2Fwp%2Fv2%2Fcategories&post=35468"},{"taxonomy":"post_tag","embeddable":true,"href":"https:\/\/www.egemtv.com\/index.php?rest_route=%2Fwp%2Fv2%2Ftags&post=35468"}],"curies":[{"name":"wp","href":"https:\/\/api.w.org\/{rel}","templated":true}]}}