{"id":35465,"date":"2025-06-16T12:16:42","date_gmt":"2025-06-16T09:16:42","guid":{"rendered":"https:\/\/www.egemtv.com\/?p=35465"},"modified":"2025-06-16T12:16:48","modified_gmt":"2025-06-16T09:16:48","slug":"mtk-mugla-teknoloji-ve-kultur-kolejine-ab-onayli-avrupa-mavi-okul-unvani","status":"publish","type":"post","link":"https:\/\/www.egemtv.com\/?p=35465","title":{"rendered":"MTK Mu\u011fla Teknoloji ve K\u00fclt\u00fcr Koleji\u2019ne AB onayl\u0131 \u2018Avrupa Mavi Okul\u2019 unvan\u0131"},"content":{"rendered":"<p>MTK Mu\u011fla Teknoloji Koleji, okyanus okuryazarl\u0131\u011f\u0131 ve \u00e7evresel fark\u0131ndal\u0131k konular\u0131nda Avrupa\u2019n\u0131n en sayg\u0131n e\u011fitim giri\u015fimlerinden biri olan \u2018European Blue School-Avrupa Mavi Okul\u2019 a\u011f\u0131na kat\u0131larak b\u00fcy\u00fck bir uluslararas\u0131 ba\u015far\u0131ya imza att\u0131. Avrupa Komisyonu himayesinde y\u00fcr\u00fct\u00fclen bu prestijli program, denizlerin ve okyanuslar\u0131n korunmas\u0131na y\u00f6nelik bilin\u00e7li nesiller yeti\u015ftiren e\u011fitim kurumlar\u0131na veriliyor.<br \/>\n<br \/>Ba\u015fvuru, okulun 2-C s\u0131n\u0131f\u0131 ad\u0131na S\u0131n\u0131f \u00d6\u011fretmeni Aylin Bal \u00f6nc\u00fcl\u00fc\u011f\u00fcnde hayata ge\u00e7irildi. \u00d6\u011frencilerin okyanuslar\u0131n sa\u011fl\u0131\u011f\u0131, iklim de\u011fi\u015fikli\u011fi ve deniz ekosistemlerinin korunmas\u0131 gibi hayati konularda bilin\u00e7 kazanmas\u0131n\u0131 sa\u011flayan kapsaml\u0131 bir proje ortaya kondu. Proje, uluslararas\u0131 uzmanlar taraf\u0131ndan yap\u0131lan de\u011ferlendirme sonucunda Avrupa standartlar\u0131na uygun bulunarak \u2018Avrupa Mavi Okul\u2019 unvan\u0131 ile \u00f6d\u00fcllendirildi.<br \/>\n<br \/>Bu unvan, MTK Mu\u011fla Teknoloji Koleji\u2019ni Avrupa\u2019n\u0131n \u00e7evresel s\u00fcrd\u00fcr\u00fclebilirlik alan\u0131nda \u00f6nc\u00fc e\u011fitim kurumlar\u0131 aras\u0131na ta\u015f\u0131d\u0131. Ayn\u0131 zamanda \u00f6\u011frencilerin bilimsel d\u00fc\u015f\u00fcnme becerilerini, ekolojik sorumluluklar\u0131n\u0131 ve k\u00fcresel vatanda\u015fl\u0131k bilincini geli\u015ftirmeye y\u00f6nelik \u00f6nemli bir ad\u0131m olarak kabul ediliyor.<br \/>\n<br \/>MTK Mu\u011fla Teknoloji Koleji M\u00fcd\u00fcr\u00fc \u015eevkiye \u00dcnl\u00fcsoy Korkut, bu uluslararas\u0131 ba\u015far\u0131ya ili\u015fkin yapt\u0131\u011f\u0131 de\u011ferlendirmede \u015fu ifadeleri kulland\u0131:<br \/>\n<br \/>&#8220;Avrupa Birli\u011fi taraf\u0131ndan onaylanan bu de\u011ferli unvan, bizler i\u00e7in yaln\u0131zca bir \u00f6d\u00fcl de\u011fil; okulumuzun vizyonunu, \u00e7evreye ve gelece\u011fe olan sorumlulu\u011funu g\u00f6steren g\u00fc\u00e7l\u00fc bir sembold\u00fcr. Okyanuslar\u0131n korunmas\u0131na y\u00f6nelik fark\u0131ndal\u0131k olu\u015fturmak ve bu bilinci \u00f6\u011frencilerimize kazand\u0131rmak, \u00e7a\u011fda\u015f e\u011fitimin temel unsurlar\u0131ndan biridir. Okulumuz, bu ba\u015far\u0131yla Avrupa\u2019daki e\u011fitim sahnesinde g\u00fc\u00e7l\u00fc bir yer edinmi\u015ftir&#8221;<br \/>\n<br \/>Bu geli\u015fmeyle birlikte MTK Mu\u011fla Teknoloji ve K\u00fclt\u00fcr Koleji, Avrupa\u2019daki di\u011fer mavi okullar ile ortak projeler geli\u015ftirme, e\u011fitim kaynaklar\u0131n\u0131 payla\u015fma ve okyanus okuryazarl\u0131\u011f\u0131n\u0131 daha geni\u015f kitlelere yayma f\u0131rsat\u0131 elde etti. Proje, Avrupa Komisyonu\u2019nun resm\u00ee denizcilik forumunda yay\u0131mlanarak uluslararas\u0131 eri\u015fime a\u00e7\u0131lacak.<br \/><\/p>\n","protected":false},"excerpt":{"rendered":"<p>MTK Mu\u011fla Teknoloji Koleji, okyanus okuryazarl\u0131\u011f\u0131 ve \u00e7evresel fark\u0131ndal\u0131k konular\u0131nda Avrupa\u2019n\u0131n en sayg\u0131n e\u011fitim giri\u015fimlerinden biri olan \u2018European Blue School-Avrupa Mavi Okul\u2019 a\u011f\u0131na kat\u0131larak b\u00fcy\u00fck bir uluslararas\u0131 ba\u015far\u0131ya imza att\u0131. Avrupa Komisyonu himayesinde y\u00fcr\u00fct\u00fclen bu prestijli program, denizlerin ve okyanuslar\u0131n korunmas\u0131na y\u00f6nelik bilin\u00e7li nesiller yeti\u015ftiren e\u011fitim kurumlar\u0131na veriliyor. Ba\u015fvuru, okulun 2-C s\u0131n\u0131f\u0131 ad\u0131na S\u0131n\u0131f \u00d6\u011fretmeni&#8230;<\/p>\n","protected":false},"author":1,"featured_media":35466,"comment_status":"open","ping_status":"open","sticky":false,"template":"","format":"standard","meta":{"_crdt_document":"","footnotes":""},"categories":[1],"tags":[],"class_list":["post-35465","post","type-post","status-publish","format-standard","has-post-thumbnail","hentry","category-guncel"],"_links":{"self":[{"href":"https:\/\/www.egemtv.com\/index.php?rest_route=\/wp\/v2\/posts\/35465","targetHints":{"allow":["GET"]}}],"collection":[{"href":"https:\/\/www.egemtv.com\/index.php?rest_route=\/wp\/v2\/posts"}],"about":[{"href":"https:\/\/www.egemtv.com\/index.php?rest_route=\/wp\/v2\/types\/post"}],"author":[{"embeddable":true,"href":"https:\/\/www.egemtv.com\/index.php?rest_route=\/wp\/v2\/users\/1"}],"replies":[{"embeddable":true,"href":"https:\/\/www.egemtv.com\/index.php?rest_route=%2Fwp%2Fv2%2Fcomments&post=35465"}],"version-history":[{"count":1,"href":"https:\/\/www.egemtv.com\/index.php?rest_route=\/wp\/v2\/posts\/35465\/revisions"}],"predecessor-version":[{"id":35467,"href":"https:\/\/www.egemtv.com\/index.php?rest_route=\/wp\/v2\/posts\/35465\/revisions\/35467"}],"wp:featuredmedia":[{"embeddable":true,"href":"https:\/\/www.egemtv.com\/index.php?rest_route=\/wp\/v2\/media\/35466"}],"wp:attachment":[{"href":"https:\/\/www.egemtv.com\/index.php?rest_route=%2Fwp%2Fv2%2Fmedia&parent=35465"}],"wp:term":[{"taxonomy":"category","embeddable":true,"href":"https:\/\/www.egemtv.com\/index.php?rest_route=%2Fwp%2Fv2%2Fcategories&post=35465"},{"taxonomy":"post_tag","embeddable":true,"href":"https:\/\/www.egemtv.com\/index.php?rest_route=%2Fwp%2Fv2%2Ftags&post=35465"}],"curies":[{"name":"wp","href":"https:\/\/api.w.org\/{rel}","templated":true}]}}