{"id":35462,"date":"2025-06-16T12:16:33","date_gmt":"2025-06-16T09:16:33","guid":{"rendered":"https:\/\/www.egemtv.com\/?p=35462"},"modified":"2025-06-16T12:16:42","modified_gmt":"2025-06-16T09:16:42","slug":"nazillide-ev-yangini","status":"publish","type":"post","link":"https:\/\/www.egemtv.com\/?p=35462","title":{"rendered":"Nazilli\u2019de ev yang\u0131n\u0131"},"content":{"rendered":"<p>Ayd\u0131n\u2019\u0131n Nazilli il\u00e7esinde meydana gelen yang\u0131n ev kullan\u0131lmaz hale geldi.<br \/>\n<br \/>Yang\u0131n sabah saatlerinde Aydo\u011fdu Mahallesi\u2019nde meydana geldi. Edinilen bilgiye g\u00f6re, bir apartman\u0131n zemin kat\u0131nda hen\u00fcz bilinmeyen bir nedenle yang\u0131n \u00e7\u0131kt\u0131. Yang\u0131n ihbar\u0131 \u00fczerine b\u00f6lgeye Ayd\u0131n B\u00fcy\u00fck\u015fehir Belediye Belediyesi itfaiye ekipleri sevk edildi. \u0130tfaiye ekipleri alevlere m\u00fcdahale ederek yang\u0131n\u0131 s\u00f6nd\u00fcrd\u00fc. Yang\u0131nda ev kullan\u0131lmaz hale gelirken, herhangi bir yaralanma ve can kayb\u0131 ya\u015fanmamas\u0131 teselli kayna\u011f\u0131 oldu.<br \/>\n<br \/>Yang\u0131nla ilgili inceleme s\u00fcr\u00fcyor.<br \/><\/p>\n","protected":false},"excerpt":{"rendered":"<p>Ayd\u0131n\u2019\u0131n Nazilli il\u00e7esinde meydana gelen yang\u0131n ev kullan\u0131lmaz hale geldi. Yang\u0131n sabah saatlerinde Aydo\u011fdu Mahallesi\u2019nde meydana geldi. Edinilen bilgiye g\u00f6re, bir apartman\u0131n zemin kat\u0131nda hen\u00fcz bilinmeyen bir nedenle yang\u0131n \u00e7\u0131kt\u0131. Yang\u0131n ihbar\u0131 \u00fczerine b\u00f6lgeye Ayd\u0131n B\u00fcy\u00fck\u015fehir Belediye Belediyesi itfaiye ekipleri sevk edildi. \u0130tfaiye ekipleri alevlere m\u00fcdahale ederek yang\u0131n\u0131 s\u00f6nd\u00fcrd\u00fc. Yang\u0131nda ev kullan\u0131lmaz hale gelirken, herhangi&#8230;<\/p>\n","protected":false},"author":1,"featured_media":35463,"comment_status":"open","ping_status":"open","sticky":false,"template":"","format":"standard","meta":{"_crdt_document":"","footnotes":""},"categories":[5],"tags":[],"class_list":["post-35462","post","type-post","status-publish","format-standard","has-post-thumbnail","hentry","category-asayis"],"_links":{"self":[{"href":"https:\/\/www.egemtv.com\/index.php?rest_route=\/wp\/v2\/posts\/35462","targetHints":{"allow":["GET"]}}],"collection":[{"href":"https:\/\/www.egemtv.com\/index.php?rest_route=\/wp\/v2\/posts"}],"about":[{"href":"https:\/\/www.egemtv.com\/index.php?rest_route=\/wp\/v2\/types\/post"}],"author":[{"embeddable":true,"href":"https:\/\/www.egemtv.com\/index.php?rest_route=\/wp\/v2\/users\/1"}],"replies":[{"embeddable":true,"href":"https:\/\/www.egemtv.com\/index.php?rest_route=%2Fwp%2Fv2%2Fcomments&post=35462"}],"version-history":[{"count":1,"href":"https:\/\/www.egemtv.com\/index.php?rest_route=\/wp\/v2\/posts\/35462\/revisions"}],"predecessor-version":[{"id":35464,"href":"https:\/\/www.egemtv.com\/index.php?rest_route=\/wp\/v2\/posts\/35462\/revisions\/35464"}],"wp:featuredmedia":[{"embeddable":true,"href":"https:\/\/www.egemtv.com\/index.php?rest_route=\/wp\/v2\/media\/35463"}],"wp:attachment":[{"href":"https:\/\/www.egemtv.com\/index.php?rest_route=%2Fwp%2Fv2%2Fmedia&parent=35462"}],"wp:term":[{"taxonomy":"category","embeddable":true,"href":"https:\/\/www.egemtv.com\/index.php?rest_route=%2Fwp%2Fv2%2Fcategories&post=35462"},{"taxonomy":"post_tag","embeddable":true,"href":"https:\/\/www.egemtv.com\/index.php?rest_route=%2Fwp%2Fv2%2Ftags&post=35462"}],"curies":[{"name":"wp","href":"https:\/\/api.w.org\/{rel}","templated":true}]}}