{"id":35453,"date":"2025-06-16T12:16:22","date_gmt":"2025-06-16T09:16:22","guid":{"rendered":"https:\/\/www.egemtv.com\/?p=35453"},"modified":"2025-06-16T12:16:28","modified_gmt":"2025-06-16T09:16:28","slug":"mugla-iskur-bilgilendirme-toplantilari-devam-ediyor","status":"publish","type":"post","link":"https:\/\/www.egemtv.com\/?p=35453","title":{"rendered":"Mu\u011fla \u0130\u015eKUR bilgilendirme toplant\u0131lar\u0131 devam ediyor"},"content":{"rendered":"<p>Mu\u011fla \u00c7al\u0131\u015fma ve \u0130\u015f Kurumu \u0130l M\u00fcd\u00fcrl\u00fc\u011f\u00fc (\u0130\u015eKUR) taraf\u0131ndan d\u00fczenlenen &#8220;\u0130stihdam Te\u015fvikleri Bilgilendirme Toplant\u0131lar\u0131&#8221; t\u00fcm h\u0131z\u0131yla s\u00fcr\u00fcyor. Son olarak, Milas Ticaret ve Sanayi Odas\u0131 ile Mu\u011fla Ticaret ve Sanayi Odas\u0131\u2019n\u0131n ev sahipli\u011finde ger\u00e7ekle\u015ftirilen toplant\u0131lara, Mu\u011fla \u0130\u015eKUR \u0130l M\u00fcd\u00fcr\u00fc Zahide Alt\u0131nok kat\u0131l\u0131m sa\u011flayarak i\u015fverenlere bilgilendirmelerde bulundu.<br \/>\n<br \/>Toplant\u0131lara Ticaret Odas\u0131 \u00fcyesi i\u015fverenler, i\u015fletme temsilcileri ve farkl\u0131 sekt\u00f6rlerden kat\u0131l\u0131mc\u0131lar yo\u011fun ilgi g\u00f6sterdi. Etkinlik kapsam\u0131nda \u0130l M\u00fcd\u00fcr\u00fc Zahide Alt\u0131nok, 2025 y\u0131l\u0131na ili\u015fkin g\u00fcncel istihdam te\u015fvikleri hakk\u0131nda kapsaml\u0131 bir sunum ger\u00e7ekle\u015ftirdi. Sunumda; imalat, bilgi ve ileti\u015fim, insan sa\u011fl\u0131\u011f\u0131 ve sosyal hizmetler sekt\u00f6rlerini kapsayan &#8220;Kad\u0131n \u0130stihdam\u0131 i\u00e7in Pozitif Ayr\u0131mc\u0131l\u0131k Projesi&#8221; (K\u0130PAP) ba\u015fta olmak \u00fczere, i\u015fba\u015f\u0131 e\u011fitim programlar\u0131, engelli ve eski h\u00fck\u00fcml\u00fc istihdam\u0131na y\u00f6nelik destekler ile SGK prim te\u015fvikleri gibi bir\u00e7ok \u00f6nemli konu detaylar\u0131yla ele al\u0131nd\u0131.<br \/>\n<br \/>\u0130\u015fverenler, te\u015fvikler ve destek programlar\u0131 hakk\u0131nda g\u00fcncel ve do\u011frudan bilgi alma f\u0131rsat\u0131 bulurken, toplant\u0131 sonunda d\u00fczenlenen soru-cevap b\u00f6l\u00fcm\u00fcnde kat\u0131l\u0131mc\u0131lar\u0131n merak etti\u011fi hususlar da yan\u0131tland\u0131.<br \/>\n<br \/>Mu\u011fla \u0130\u015eKUR taraf\u0131ndan ger\u00e7ekle\u015ftirilen bu t\u00fcr bilgilendirme toplant\u0131lar\u0131n\u0131n, b\u00f6lgedeki istihdam\u0131n g\u00fc\u00e7lendirilmesi ve i\u015fverenlerin te\u015fviklerden daha etkin faydalanabilmesi a\u00e7\u0131s\u0131ndan b\u00fcy\u00fck \u00f6nem ta\u015f\u0131d\u0131\u011f\u0131 vurguland\u0131.<br \/><\/p>\n","protected":false},"excerpt":{"rendered":"<p>Mu\u011fla \u00c7al\u0131\u015fma ve \u0130\u015f Kurumu \u0130l M\u00fcd\u00fcrl\u00fc\u011f\u00fc (\u0130\u015eKUR) taraf\u0131ndan d\u00fczenlenen &#8220;\u0130stihdam Te\u015fvikleri Bilgilendirme Toplant\u0131lar\u0131&#8221; t\u00fcm h\u0131z\u0131yla s\u00fcr\u00fcyor. Son olarak, Milas Ticaret ve Sanayi Odas\u0131 ile Mu\u011fla Ticaret ve Sanayi Odas\u0131\u2019n\u0131n ev sahipli\u011finde ger\u00e7ekle\u015ftirilen toplant\u0131lara, Mu\u011fla \u0130\u015eKUR \u0130l M\u00fcd\u00fcr\u00fc Zahide Alt\u0131nok kat\u0131l\u0131m sa\u011flayarak i\u015fverenlere bilgilendirmelerde bulundu. Toplant\u0131lara Ticaret Odas\u0131 \u00fcyesi i\u015fverenler, i\u015fletme temsilcileri ve farkl\u0131 sekt\u00f6rlerden&#8230;<\/p>\n","protected":false},"author":1,"featured_media":35454,"comment_status":"open","ping_status":"open","sticky":false,"template":"","format":"standard","meta":{"_crdt_document":"","footnotes":""},"categories":[125],"tags":[],"class_list":["post-35453","post","type-post","status-publish","format-standard","has-post-thumbnail","hentry","category-ekonomi"],"_links":{"self":[{"href":"https:\/\/www.egemtv.com\/index.php?rest_route=\/wp\/v2\/posts\/35453","targetHints":{"allow":["GET"]}}],"collection":[{"href":"https:\/\/www.egemtv.com\/index.php?rest_route=\/wp\/v2\/posts"}],"about":[{"href":"https:\/\/www.egemtv.com\/index.php?rest_route=\/wp\/v2\/types\/post"}],"author":[{"embeddable":true,"href":"https:\/\/www.egemtv.com\/index.php?rest_route=\/wp\/v2\/users\/1"}],"replies":[{"embeddable":true,"href":"https:\/\/www.egemtv.com\/index.php?rest_route=%2Fwp%2Fv2%2Fcomments&post=35453"}],"version-history":[{"count":1,"href":"https:\/\/www.egemtv.com\/index.php?rest_route=\/wp\/v2\/posts\/35453\/revisions"}],"predecessor-version":[{"id":35455,"href":"https:\/\/www.egemtv.com\/index.php?rest_route=\/wp\/v2\/posts\/35453\/revisions\/35455"}],"wp:featuredmedia":[{"embeddable":true,"href":"https:\/\/www.egemtv.com\/index.php?rest_route=\/wp\/v2\/media\/35454"}],"wp:attachment":[{"href":"https:\/\/www.egemtv.com\/index.php?rest_route=%2Fwp%2Fv2%2Fmedia&parent=35453"}],"wp:term":[{"taxonomy":"category","embeddable":true,"href":"https:\/\/www.egemtv.com\/index.php?rest_route=%2Fwp%2Fv2%2Fcategories&post=35453"},{"taxonomy":"post_tag","embeddable":true,"href":"https:\/\/www.egemtv.com\/index.php?rest_route=%2Fwp%2Fv2%2Ftags&post=35453"}],"curies":[{"name":"wp","href":"https:\/\/api.w.org\/{rel}","templated":true}]}}