{"id":35447,"date":"2025-06-16T11:56:35","date_gmt":"2025-06-16T08:56:35","guid":{"rendered":"https:\/\/www.egemtv.com\/?p=35447"},"modified":"2025-06-16T11:56:41","modified_gmt":"2025-06-16T08:56:41","slug":"emniyet-muduru-osman-elbirden-jandarma-teskilatina-186-yil-ziyareti","status":"publish","type":"post","link":"https:\/\/www.egemtv.com\/?p=35447","title":{"rendered":"Emniyet M\u00fcd\u00fcr\u00fc Osman Elbir\u2019den Jandarma Te\u015fkilat\u0131\u2019na 186. y\u0131l ziyareti"},"content":{"rendered":"<p>K\u00fctahya \u0130l Emniyet M\u00fcd\u00fcr\u00fc Osman Elbir, Jandarma Te\u015fkilat\u0131n\u0131n 186. kurulu\u015f y\u0131l d\u00f6n\u00fcm\u00fc dolay\u0131s\u0131yla \u0130l Jandarma Komutan\u0131 Jandarma Albay Vedat K\u00fclt\u00fcr\u2019\u00fc makam\u0131nda ziyaret etti.<br \/>\n<br \/>Emniyet M\u00fcd\u00fcr\u00fc Elbir\u2019e ziyaret s\u0131ras\u0131nda Emniyet M\u00fcd\u00fcrl\u00fc\u011f\u00fc personeli de e\u015flik etti. Ziyarette Elbir, Albay K\u00fclt\u00fcr\u2019\u00fcn nezdinde t\u00fcm Jandarma personelinin g\u00fcn\u00fcn\u00fc kutlayarak, ba\u015far\u0131 dileklerini iletti ve \u00e7e\u015fitli hediyeler takdim etti.<br \/>\n<br \/>Ger\u00e7ekle\u015fen nazik ziyaretin ard\u0131ndan her iki kurumun temsilcileri, kamu g\u00fcvenli\u011fini sa\u011flama noktas\u0131nda s\u00fcrd\u00fcr\u00fclen i\u015f birli\u011finin \u00f6nemine vurgu yapt\u0131.<br \/><\/p>\n","protected":false},"excerpt":{"rendered":"<p>K\u00fctahya \u0130l Emniyet M\u00fcd\u00fcr\u00fc Osman Elbir, Jandarma Te\u015fkilat\u0131n\u0131n 186. kurulu\u015f y\u0131l d\u00f6n\u00fcm\u00fc dolay\u0131s\u0131yla \u0130l Jandarma Komutan\u0131 Jandarma Albay Vedat K\u00fclt\u00fcr\u2019\u00fc makam\u0131nda ziyaret etti. Emniyet M\u00fcd\u00fcr\u00fc Elbir\u2019e ziyaret s\u0131ras\u0131nda Emniyet M\u00fcd\u00fcrl\u00fc\u011f\u00fc personeli de e\u015flik etti. Ziyarette Elbir, Albay K\u00fclt\u00fcr\u2019\u00fcn nezdinde t\u00fcm Jandarma personelinin g\u00fcn\u00fcn\u00fc kutlayarak, ba\u015far\u0131 dileklerini iletti ve \u00e7e\u015fitli hediyeler takdim etti. Ger\u00e7ekle\u015fen nazik ziyaretin&#8230;<\/p>\n","protected":false},"author":1,"featured_media":35448,"comment_status":"open","ping_status":"open","sticky":false,"template":"","format":"standard","meta":{"_crdt_document":"","footnotes":""},"categories":[123],"tags":[],"class_list":["post-35447","post","type-post","status-publish","format-standard","has-post-thumbnail","hentry","category-gundem"],"_links":{"self":[{"href":"https:\/\/www.egemtv.com\/index.php?rest_route=\/wp\/v2\/posts\/35447","targetHints":{"allow":["GET"]}}],"collection":[{"href":"https:\/\/www.egemtv.com\/index.php?rest_route=\/wp\/v2\/posts"}],"about":[{"href":"https:\/\/www.egemtv.com\/index.php?rest_route=\/wp\/v2\/types\/post"}],"author":[{"embeddable":true,"href":"https:\/\/www.egemtv.com\/index.php?rest_route=\/wp\/v2\/users\/1"}],"replies":[{"embeddable":true,"href":"https:\/\/www.egemtv.com\/index.php?rest_route=%2Fwp%2Fv2%2Fcomments&post=35447"}],"version-history":[{"count":1,"href":"https:\/\/www.egemtv.com\/index.php?rest_route=\/wp\/v2\/posts\/35447\/revisions"}],"predecessor-version":[{"id":35449,"href":"https:\/\/www.egemtv.com\/index.php?rest_route=\/wp\/v2\/posts\/35447\/revisions\/35449"}],"wp:featuredmedia":[{"embeddable":true,"href":"https:\/\/www.egemtv.com\/index.php?rest_route=\/wp\/v2\/media\/35448"}],"wp:attachment":[{"href":"https:\/\/www.egemtv.com\/index.php?rest_route=%2Fwp%2Fv2%2Fmedia&parent=35447"}],"wp:term":[{"taxonomy":"category","embeddable":true,"href":"https:\/\/www.egemtv.com\/index.php?rest_route=%2Fwp%2Fv2%2Fcategories&post=35447"},{"taxonomy":"post_tag","embeddable":true,"href":"https:\/\/www.egemtv.com\/index.php?rest_route=%2Fwp%2Fv2%2Ftags&post=35447"}],"curies":[{"name":"wp","href":"https:\/\/api.w.org\/{rel}","templated":true}]}}