{"id":35441,"date":"2025-06-16T11:36:56","date_gmt":"2025-06-16T08:36:56","guid":{"rendered":"https:\/\/www.egemtv.com\/?p=35441"},"modified":"2025-06-16T11:37:01","modified_gmt":"2025-06-16T08:37:01","slug":"afyonkarahisarda-hava-durumu-4","status":"publish","type":"post","link":"https:\/\/www.egemtv.com\/?p=35441","title":{"rendered":"Afyonkarahisar\u2019da hava durumu"},"content":{"rendered":"<p>Afyonkarahisar yeni haftaya a\u00e7\u0131k ve s\u0131cak bir havayla ba\u015flad\u0131.<br \/>\n<br \/>Yap\u0131lan meteorolojik de\u011ferlendirmelere g\u00f6re, kent genelinde bu hafta ya\u011f\u0131\u015f beklenmezken s\u0131cakl\u0131klar\u0131n ise hafta boyu 15 ile 32 derece aras\u0131nda olmas\u0131 bekleniyor. Tahminlere g\u00f6re, kentte 19 Haziran Per\u015fembe g\u00fcn\u00fcnde sonra s\u0131cakl\u0131klar\u0131n 30 derecelerin \u00fczerine \u00e7\u0131kmas\u0131 tahmin ediliyor. Kentte ak\u015famlar\u0131 ise serin bir havan\u0131n olmas\u0131 ve s\u0131cakl\u0131k de\u011ferlerinin 17 derece seviyelerinde olmas\u0131 bekleniyor.<br \/><\/p>\n","protected":false},"excerpt":{"rendered":"<p>Afyonkarahisar yeni haftaya a\u00e7\u0131k ve s\u0131cak bir havayla ba\u015flad\u0131. Yap\u0131lan meteorolojik de\u011ferlendirmelere g\u00f6re, kent genelinde bu hafta ya\u011f\u0131\u015f beklenmezken s\u0131cakl\u0131klar\u0131n ise hafta boyu 15 ile 32 derece aras\u0131nda olmas\u0131 bekleniyor. Tahminlere g\u00f6re, kentte 19 Haziran Per\u015fembe g\u00fcn\u00fcnde sonra s\u0131cakl\u0131klar\u0131n 30 derecelerin \u00fczerine \u00e7\u0131kmas\u0131 tahmin ediliyor. Kentte ak\u015famlar\u0131 ise serin bir havan\u0131n olmas\u0131 ve s\u0131cakl\u0131k de\u011ferlerinin&#8230;<\/p>\n","protected":false},"author":1,"featured_media":35442,"comment_status":"open","ping_status":"open","sticky":false,"template":"","format":"standard","meta":{"_crdt_document":"","footnotes":""},"categories":[1],"tags":[],"class_list":["post-35441","post","type-post","status-publish","format-standard","has-post-thumbnail","hentry","category-guncel"],"_links":{"self":[{"href":"https:\/\/www.egemtv.com\/index.php?rest_route=\/wp\/v2\/posts\/35441","targetHints":{"allow":["GET"]}}],"collection":[{"href":"https:\/\/www.egemtv.com\/index.php?rest_route=\/wp\/v2\/posts"}],"about":[{"href":"https:\/\/www.egemtv.com\/index.php?rest_route=\/wp\/v2\/types\/post"}],"author":[{"embeddable":true,"href":"https:\/\/www.egemtv.com\/index.php?rest_route=\/wp\/v2\/users\/1"}],"replies":[{"embeddable":true,"href":"https:\/\/www.egemtv.com\/index.php?rest_route=%2Fwp%2Fv2%2Fcomments&post=35441"}],"version-history":[{"count":1,"href":"https:\/\/www.egemtv.com\/index.php?rest_route=\/wp\/v2\/posts\/35441\/revisions"}],"predecessor-version":[{"id":35443,"href":"https:\/\/www.egemtv.com\/index.php?rest_route=\/wp\/v2\/posts\/35441\/revisions\/35443"}],"wp:featuredmedia":[{"embeddable":true,"href":"https:\/\/www.egemtv.com\/index.php?rest_route=\/wp\/v2\/media\/35442"}],"wp:attachment":[{"href":"https:\/\/www.egemtv.com\/index.php?rest_route=%2Fwp%2Fv2%2Fmedia&parent=35441"}],"wp:term":[{"taxonomy":"category","embeddable":true,"href":"https:\/\/www.egemtv.com\/index.php?rest_route=%2Fwp%2Fv2%2Fcategories&post=35441"},{"taxonomy":"post_tag","embeddable":true,"href":"https:\/\/www.egemtv.com\/index.php?rest_route=%2Fwp%2Fv2%2Ftags&post=35441"}],"curies":[{"name":"wp","href":"https:\/\/api.w.org\/{rel}","templated":true}]}}