{"id":35438,"date":"2025-06-16T11:36:51","date_gmt":"2025-06-16T08:36:51","guid":{"rendered":"https:\/\/www.egemtv.com\/?p=35438"},"modified":"2025-06-16T11:36:56","modified_gmt":"2025-06-16T08:36:56","slug":"yangindaki-buyuk-hasar-gun-aydinlaninca-ortaya-cikti","status":"publish","type":"post","link":"https:\/\/www.egemtv.com\/?p=35438","title":{"rendered":"Yang\u0131ndaki b\u00fcy\u00fck hasar g\u00fcn ayd\u0131nlan\u0131nca ortaya \u00e7\u0131kt\u0131"},"content":{"rendered":"<p>\u0130zmir\u2019in Konak il\u00e7esinde \u00f6zel hastane biti\u015fi\u011finde bir fabrikaya ait plastik deposunda \u00e7\u0131kan yang\u0131n\u0131n verdi\u011fi hasar havadan g\u00f6r\u00fcnt\u00fclendi. 89 hastan\u0131n tahliyesine neden olan yang\u0131n sonras\u0131 dumanlardan kirlenen hastanenin d\u0131\u015f cephesinde i\u015f\u00e7iler temizlik yaparken, hastanede hasta kabul\u00fcne yeniden ba\u015fland\u0131.<br \/>\n<br \/>Olay, d\u00fcn saat 17.00 s\u0131ralar\u0131nda meydana geldi. Halkap\u0131nar Mahallesi\u2019nde bulunan bir fabrikaya ait plastik deposunda hen\u00fcz belirlenemeyen bir nedenle yang\u0131n \u00e7\u0131kt\u0131. Depo i\u00e7erisinde bulunan yan\u0131c\u0131 maddeler nedeniyle alevler k\u0131sa s\u00fcrede b\u00fcy\u00fcyerek t\u00fcm fabrikay\u0131 sard\u0131. Yang\u0131n\u0131n bildirilmesi \u00fczerine b\u00f6lgeye 16 itfaiye arac\u0131, park ve bah\u00e7eler m\u00fcd\u00fcrl\u00fc\u011f\u00fc ekipleri, \u0130ZSU\u2019ya ait su tankerleri ile il\u00e7e belediyelerinden destek ekipleri sevk edildi. Ayr\u0131ca Alia\u011fa\u2019dan 7 araz\u00f6z, 3 tonajl\u0131 ara\u00e7, 2 end\u00fcstriyel yang\u0131n s\u00f6nd\u00fcr\u00fcc\u00fc ve 3 merdivenli ara\u00e7la yang\u0131na m\u00fcdahale edildi.<\/p>\n<p>Hastane tahliye edildi<br \/>\n<br \/>Yang\u0131n s\u0131ras\u0131nda \u00e7\u0131kan yo\u011fun dumanlar, fabrikan\u0131n hemen biti\u015fi\u011finde bulunan \u00f6zel bir hastaneye kadar ula\u015ft\u0131. G\u00fcvenlik gerek\u00e7esiyle hastane tedbir ama\u00e7l\u0131 tahliye edildi. Hastanenin hemen yan\u0131ndaki plastik boru deposunda \u00e7\u0131kan yang\u0131n sonucu, \u00f6nlem ama\u00e7l\u0131 olarak hastanede yatan toplam 123 hastan\u0131n 89\u2019u 112 Acil Sa\u011fl\u0131k Hizmetlerine ba\u011fl\u0131 ambulanslarla di\u011fer hastanelere nakledildi. Bu hastalardan 18 yo\u011fun bak\u0131m hastas\u0131 (5\u2019i yeni do\u011fan) olup, yo\u011fun bak\u0131m hastalar\u0131n\u0131n 15\u2019i \u0130zmir \u015eehir Hastanesine, 3\u2019\u00fc Ege \u00dcniversitesi T\u0131p Fak\u00fcltesi Hastanesine nakledildi. Di\u011fer hastalardan 53\u2019\u00fc \u0130zmir \u015eehir Hastanesine, 22 hasta Ege \u00dcniversitesi Hastanesine, 1 hasta Buca Seyfi Demirsoy E\u011fitim ve Ara\u015ft\u0131rma Hastanesine, 2 hasta Atat\u00fcrk E\u011fitim ve Ara\u015ft\u0131rma Hastanesine, 9 hasta da \u00e7e\u015fitli \u00f6zel hastanelere nakledildi. Hastanede yatan, klini\u011fi basit, durumu iyi olan hastalar ise kendi imkan\u0131 ile hastaneden ayr\u0131ld\u0131lar. Yang\u0131n nedeniyle ve sonras\u0131nda nakil ve tahliye s\u0131ras\u0131ndan hi\u00e7bir hastan\u0131n etkilenmedi\u011fi ve hastanede yeniden hasta kabul\u00fcne ba\u015flad\u0131\u011f\u0131 da \u00f6\u011frenildi.<\/p>\n<p>Depo k\u00fcle d\u00f6nd\u00fc<br \/>\n<br \/>Yang\u0131n\u0131n verdi\u011fi hasar ise dron ile havadan g\u00f6r\u00fcnt\u00fclendi. Plastik fabrikas\u0131n\u0131n neredeyse tamamen yand\u0131\u011f\u0131 ve kullan\u0131lamaz hale geldi\u011fi g\u00f6r\u00fcnt\u00fclerde yer ald\u0131. \u00d6te yandan \u00e7\u0131kan dumanlardan dolay\u0131 is kaplayan hastane duvarlar\u0131nda i\u015f\u00e7iler temizlik \u00e7al\u0131\u015fmas\u0131 ba\u015flatt\u0131. \u0130\u015f\u00e7ilerin g\u00fcvenlik \u00f6nlemi alarak \u00e7al\u0131\u015ft\u0131\u011f\u0131 anlar da yine havadan g\u00f6r\u00fcnt\u00fclendi.<\/p>\n<p>Hastaneden a\u00e7\u0131klama: &#8220;Yang\u0131n, hastanemiz kaynakl\u0131 de\u011fil&#8221;<br \/>\n<br \/>Yang\u0131n\u0131n ard\u0131ndan hastaneden yap\u0131lan yaz\u0131l\u0131 a\u00e7\u0131klamada, \u015fu ifadelere yer verildi: &#8220;Hastanemizin yak\u0131n\u0131nda bulunan bir depolama alan\u0131nda yang\u0131n \u00e7\u0131km\u0131\u015ft\u0131r. Yang\u0131n, hastanemiz kaynakl\u0131 olmay\u0131p alevlerin hastane binam\u0131za s\u0131\u00e7rad\u0131\u011f\u0131 y\u00f6n\u00fcndeki iddialar ger\u00e7e\u011fi yans\u0131tmamaktad\u0131r. Herhangi bir riskin \u00f6n\u00fcne ge\u00e7mek ad\u0131na, tamamen \u00f6nleyici bir tedbir olarak hastalar\u0131m\u0131z g\u00fcvenli \u015fekilde tahliye edilmi\u015ftir.&#8221;<\/p>\n<p>Sa\u011fl\u0131k Bakanl\u0131\u011f\u0131: &#8220;Hi\u00e7bir hasta olumsuz etkilenmedi&#8221;<br \/>\n<br \/>Sa\u011fl\u0131k Bakanl\u0131\u011f\u0131\u2019ndan yap\u0131lan a\u00e7\u0131klamada ise, yang\u0131n nedeniyle hastanede tedavi g\u00f6ren hastalar\u0131n ba\u015fka sa\u011fl\u0131k kurulu\u015flar\u0131na sevk edildi\u011fi belirtildi. A\u00e7\u0131klamada \u015fu ifadelere yer verildi:  &#8220;\u0130zmir Konak\u2019taki \u00f6zel bir hastanenin yan\u0131nda \u00e7\u0131kan yang\u0131n nedeniyle hastanede tedavi g\u00f6ren hi\u00e7bir hasta olumsuz etkilenmemi\u015ftir. Tedbiren t\u00fcm hastalar\u0131n nakli ger\u00e7ekle\u015ftirilmekte olup, hastalar\u0131m\u0131z\u0131n durumu ve yang\u0131n\u0131n seyri yak\u0131ndan takip edilmektedir.&#8221;<br \/>\n<br \/>Yetkililer, herhangi bir can kayb\u0131n\u0131n ya\u015fanmad\u0131\u011f\u0131n\u0131, yang\u0131n\u0131n ise yo\u011fun \u00e7abalar sonucu kontrol alt\u0131na al\u0131nd\u0131\u011f\u0131n\u0131 a\u00e7\u0131klad\u0131. Yang\u0131n\u0131n \u00e7\u0131k\u0131\u015f sebebi ile ilgili soru\u015fturma devam ediyor.<br \/><\/p>\n","protected":false},"excerpt":{"rendered":"<p>\u0130zmir\u2019in Konak il\u00e7esinde \u00f6zel hastane biti\u015fi\u011finde bir fabrikaya ait plastik deposunda \u00e7\u0131kan yang\u0131n\u0131n verdi\u011fi hasar havadan g\u00f6r\u00fcnt\u00fclendi. 89 hastan\u0131n tahliyesine neden olan yang\u0131n sonras\u0131 dumanlardan kirlenen hastanenin d\u0131\u015f cephesinde i\u015f\u00e7iler temizlik yaparken, hastanede hasta kabul\u00fcne yeniden ba\u015fland\u0131. Olay, d\u00fcn saat 17.00 s\u0131ralar\u0131nda meydana geldi. Halkap\u0131nar Mahallesi\u2019nde bulunan bir fabrikaya ait plastik deposunda hen\u00fcz belirlenemeyen bir&#8230;<\/p>\n","protected":false},"author":1,"featured_media":35439,"comment_status":"open","ping_status":"open","sticky":false,"template":"","format":"standard","meta":{"_crdt_document":"","footnotes":""},"categories":[5],"tags":[],"class_list":["post-35438","post","type-post","status-publish","format-standard","has-post-thumbnail","hentry","category-asayis"],"_links":{"self":[{"href":"https:\/\/www.egemtv.com\/index.php?rest_route=\/wp\/v2\/posts\/35438","targetHints":{"allow":["GET"]}}],"collection":[{"href":"https:\/\/www.egemtv.com\/index.php?rest_route=\/wp\/v2\/posts"}],"about":[{"href":"https:\/\/www.egemtv.com\/index.php?rest_route=\/wp\/v2\/types\/post"}],"author":[{"embeddable":true,"href":"https:\/\/www.egemtv.com\/index.php?rest_route=\/wp\/v2\/users\/1"}],"replies":[{"embeddable":true,"href":"https:\/\/www.egemtv.com\/index.php?rest_route=%2Fwp%2Fv2%2Fcomments&post=35438"}],"version-history":[{"count":1,"href":"https:\/\/www.egemtv.com\/index.php?rest_route=\/wp\/v2\/posts\/35438\/revisions"}],"predecessor-version":[{"id":35440,"href":"https:\/\/www.egemtv.com\/index.php?rest_route=\/wp\/v2\/posts\/35438\/revisions\/35440"}],"wp:featuredmedia":[{"embeddable":true,"href":"https:\/\/www.egemtv.com\/index.php?rest_route=\/wp\/v2\/media\/35439"}],"wp:attachment":[{"href":"https:\/\/www.egemtv.com\/index.php?rest_route=%2Fwp%2Fv2%2Fmedia&parent=35438"}],"wp:term":[{"taxonomy":"category","embeddable":true,"href":"https:\/\/www.egemtv.com\/index.php?rest_route=%2Fwp%2Fv2%2Fcategories&post=35438"},{"taxonomy":"post_tag","embeddable":true,"href":"https:\/\/www.egemtv.com\/index.php?rest_route=%2Fwp%2Fv2%2Ftags&post=35438"}],"curies":[{"name":"wp","href":"https:\/\/api.w.org\/{rel}","templated":true}]}}