{"id":35435,"date":"2025-06-16T11:15:42","date_gmt":"2025-06-16T08:15:42","guid":{"rendered":"https:\/\/www.egemtv.com\/?p=35435"},"modified":"2025-06-16T11:15:46","modified_gmt":"2025-06-16T08:15:46","slug":"incirliova-belediyesinden-cocuklara-ozel-eglence-festivali","status":"publish","type":"post","link":"https:\/\/www.egemtv.com\/?p=35435","title":{"rendered":"\u0130ncirliova Belediyesi\u2019nden \u00e7ocuklara \u00f6zel e\u011flence festivali"},"content":{"rendered":"<p>\u0130ncirliova Belediyesi, K\u00fclt\u00fcr ve Turizm Bakanl\u0131\u011f\u0131\u2019n\u0131n katk\u0131lar\u0131yla d\u00fczenledi\u011fi 2. \u00c7ocuk E\u011flencesi Festivali ile miniklere unutulmaz bir g\u00fcn ya\u015fatmaya haz\u0131rlan\u0131yor.<\/p>\n<p>Renkli etkinliklere sahne olacak festival, 17 Haziran Sal\u0131 g\u00fcn\u00fc saat 15.00\u2019te \u0130ncirliova Belediyesi K\u00fclt\u00fcr Merkezi 3. kat tiyatro salonunda ger\u00e7ekle\u015ftirilecek. Festivalde Karag\u00f6z-Hacivat, kukla g\u00f6sterileri, geleneksel \u00e7ocuk oyunlar\u0131 ve sihirli balon \u015fovlar\u0131 gibi birbirinden e\u011flenceli etkinlikler \u00e7ocuklarla bulu\u015facak. \u00dccretsiz olan etkinlikte \u00e7ocuklar hem e\u011flenecek hem de aileleriyle birlikte keyifli hat\u0131ralar biriktirecek.<\/p>\n<p>&#8220;Erken karne hediyesi olacak&#8221;<br \/>\n<br \/>Festival hakk\u0131nda a\u00e7\u0131klamalarda bulunan \u0130ncirliova Belediye Ba\u015fkan\u0131 Aytekin Kaya, etkinli\u011fe t\u00fcm \u00e7ocuklar\u0131 ve ailelerini davet etti. Ba\u015fkan Kaya, &#8220;Sevgili \u00e7ocuklar\u0131m\u0131z i\u00e7in \u00e7ok e\u011flenecekleri, bir yandan da e\u011flenirken \u00f6\u011frenecekleri g\u00fczel bir etkinlik haz\u0131rlad\u0131k. Geleneksel oyunlar, \u00f6zel g\u00f6steriler ve s\u00fcrpriz aktivitelerle dolu bu festival, yo\u011fun ge\u00e7en e\u011fitim \u00f6\u011fretim sezonunun ard\u0131ndan \u00f6\u011frencilerimize erken bir karne hediyesi de olacak. T\u00fcm \u00e7ocuklar\u0131m\u0131z ve de\u011ferli aileleri etkinli\u011fimize davetlidir&#8221; ifadelerini kulland\u0131.<br \/><\/p>\n","protected":false},"excerpt":{"rendered":"<p>\u0130ncirliova Belediyesi, K\u00fclt\u00fcr ve Turizm Bakanl\u0131\u011f\u0131\u2019n\u0131n katk\u0131lar\u0131yla d\u00fczenledi\u011fi 2. \u00c7ocuk E\u011flencesi Festivali ile miniklere unutulmaz bir g\u00fcn ya\u015fatmaya haz\u0131rlan\u0131yor. Renkli etkinliklere sahne olacak festival, 17 Haziran Sal\u0131 g\u00fcn\u00fc saat 15.00\u2019te \u0130ncirliova Belediyesi K\u00fclt\u00fcr Merkezi 3. kat tiyatro salonunda ger\u00e7ekle\u015ftirilecek. Festivalde Karag\u00f6z-Hacivat, kukla g\u00f6sterileri, geleneksel \u00e7ocuk oyunlar\u0131 ve sihirli balon \u015fovlar\u0131 gibi birbirinden e\u011flenceli etkinlikler \u00e7ocuklarla&#8230;<\/p>\n","protected":false},"author":1,"featured_media":35436,"comment_status":"open","ping_status":"open","sticky":false,"template":"","format":"standard","meta":{"_crdt_document":"","footnotes":""},"categories":[1],"tags":[],"class_list":["post-35435","post","type-post","status-publish","format-standard","has-post-thumbnail","hentry","category-guncel"],"_links":{"self":[{"href":"https:\/\/www.egemtv.com\/index.php?rest_route=\/wp\/v2\/posts\/35435","targetHints":{"allow":["GET"]}}],"collection":[{"href":"https:\/\/www.egemtv.com\/index.php?rest_route=\/wp\/v2\/posts"}],"about":[{"href":"https:\/\/www.egemtv.com\/index.php?rest_route=\/wp\/v2\/types\/post"}],"author":[{"embeddable":true,"href":"https:\/\/www.egemtv.com\/index.php?rest_route=\/wp\/v2\/users\/1"}],"replies":[{"embeddable":true,"href":"https:\/\/www.egemtv.com\/index.php?rest_route=%2Fwp%2Fv2%2Fcomments&post=35435"}],"version-history":[{"count":1,"href":"https:\/\/www.egemtv.com\/index.php?rest_route=\/wp\/v2\/posts\/35435\/revisions"}],"predecessor-version":[{"id":35437,"href":"https:\/\/www.egemtv.com\/index.php?rest_route=\/wp\/v2\/posts\/35435\/revisions\/35437"}],"wp:featuredmedia":[{"embeddable":true,"href":"https:\/\/www.egemtv.com\/index.php?rest_route=\/wp\/v2\/media\/35436"}],"wp:attachment":[{"href":"https:\/\/www.egemtv.com\/index.php?rest_route=%2Fwp%2Fv2%2Fmedia&parent=35435"}],"wp:term":[{"taxonomy":"category","embeddable":true,"href":"https:\/\/www.egemtv.com\/index.php?rest_route=%2Fwp%2Fv2%2Fcategories&post=35435"},{"taxonomy":"post_tag","embeddable":true,"href":"https:\/\/www.egemtv.com\/index.php?rest_route=%2Fwp%2Fv2%2Ftags&post=35435"}],"curies":[{"name":"wp","href":"https:\/\/api.w.org\/{rel}","templated":true}]}}