{"id":35432,"date":"2025-06-16T11:15:38","date_gmt":"2025-06-16T08:15:38","guid":{"rendered":"https:\/\/www.egemtv.com\/?p=35432"},"modified":"2025-06-16T11:15:42","modified_gmt":"2025-06-16T08:15:42","slug":"salihlide-jandarma-teskilatinin-186-yili-kutlandi","status":"publish","type":"post","link":"https:\/\/www.egemtv.com\/?p=35432","title":{"rendered":"Salihli\u2019de Jandarma Te\u015fkilat\u0131\u2019n\u0131n 186. y\u0131l\u0131 kutland\u0131"},"content":{"rendered":"<p>Jandarma Te\u015fkilat\u0131\u2019n\u0131n 186\u2019nc\u0131 kurulu\u015f y\u0131ld\u00f6n\u00fcm\u00fc dolay\u0131s\u0131yla Salihli \u0130l\u00e7e Jandarma Komutan\u0131 Binba\u015f\u0131 Do\u011fukan Karaaslan ve beraberindeki jandarma personelleri, Kaymakam Ali G\u00fcldo\u011fan\u2019\u0131 ziyaret etti.<br \/>\n<br \/>Ziyarette jandarma personeli taraf\u0131ndan, Kaymakam G\u00fcldo\u011fan\u2019a g\u00fcn\u00fcn an\u0131s\u0131na \u00e7i\u00e7ek takdim edildi.<br \/>\n<br \/>Ziyaretten duydu\u011fu memnuniyeti dile getiren Kaymakam G\u00fcldo\u011fan, Jandarma Te\u015fkilat\u0131\u2019n\u0131n 186\u2019inci kurulu\u015f y\u0131ld\u00f6n\u00fcm\u00fcn\u00fc kutlad\u0131. Kaymakam G\u00fcldo\u011fan &#8220;\u00dclkemizin her k\u00f6\u015fesinde oldu\u011fu gibi Salihli\u2019de, sorumluluk alan\u0131nda, vatanda\u015flar\u0131m\u0131z\u0131n huzur ve g\u00fcvenli\u011fini sa\u011flamak i\u00e7in gece g\u00fcnd\u00fcz demeden fedakarca \u00e7al\u0131\u015fan t\u00fcm jandarma personelimize meslek hayat\u0131nda ba\u015far\u0131lar diliyorum&#8221; dedi.<br \/><\/p>\n","protected":false},"excerpt":{"rendered":"<p>Jandarma Te\u015fkilat\u0131\u2019n\u0131n 186\u2019nc\u0131 kurulu\u015f y\u0131ld\u00f6n\u00fcm\u00fc dolay\u0131s\u0131yla Salihli \u0130l\u00e7e Jandarma Komutan\u0131 Binba\u015f\u0131 Do\u011fukan Karaaslan ve beraberindeki jandarma personelleri, Kaymakam Ali G\u00fcldo\u011fan\u2019\u0131 ziyaret etti. Ziyarette jandarma personeli taraf\u0131ndan, Kaymakam G\u00fcldo\u011fan\u2019a g\u00fcn\u00fcn an\u0131s\u0131na \u00e7i\u00e7ek takdim edildi. Ziyaretten duydu\u011fu memnuniyeti dile getiren Kaymakam G\u00fcldo\u011fan, Jandarma Te\u015fkilat\u0131\u2019n\u0131n 186\u2019inci kurulu\u015f y\u0131ld\u00f6n\u00fcm\u00fcn\u00fc kutlad\u0131. Kaymakam G\u00fcldo\u011fan &#8220;\u00dclkemizin her k\u00f6\u015fesinde oldu\u011fu gibi Salihli\u2019de, sorumluluk&#8230;<\/p>\n","protected":false},"author":1,"featured_media":35433,"comment_status":"open","ping_status":"open","sticky":false,"template":"","format":"standard","meta":{"_crdt_document":"","footnotes":""},"categories":[5],"tags":[],"class_list":["post-35432","post","type-post","status-publish","format-standard","has-post-thumbnail","hentry","category-asayis"],"_links":{"self":[{"href":"https:\/\/www.egemtv.com\/index.php?rest_route=\/wp\/v2\/posts\/35432","targetHints":{"allow":["GET"]}}],"collection":[{"href":"https:\/\/www.egemtv.com\/index.php?rest_route=\/wp\/v2\/posts"}],"about":[{"href":"https:\/\/www.egemtv.com\/index.php?rest_route=\/wp\/v2\/types\/post"}],"author":[{"embeddable":true,"href":"https:\/\/www.egemtv.com\/index.php?rest_route=\/wp\/v2\/users\/1"}],"replies":[{"embeddable":true,"href":"https:\/\/www.egemtv.com\/index.php?rest_route=%2Fwp%2Fv2%2Fcomments&post=35432"}],"version-history":[{"count":1,"href":"https:\/\/www.egemtv.com\/index.php?rest_route=\/wp\/v2\/posts\/35432\/revisions"}],"predecessor-version":[{"id":35434,"href":"https:\/\/www.egemtv.com\/index.php?rest_route=\/wp\/v2\/posts\/35432\/revisions\/35434"}],"wp:featuredmedia":[{"embeddable":true,"href":"https:\/\/www.egemtv.com\/index.php?rest_route=\/wp\/v2\/media\/35433"}],"wp:attachment":[{"href":"https:\/\/www.egemtv.com\/index.php?rest_route=%2Fwp%2Fv2%2Fmedia&parent=35432"}],"wp:term":[{"taxonomy":"category","embeddable":true,"href":"https:\/\/www.egemtv.com\/index.php?rest_route=%2Fwp%2Fv2%2Fcategories&post=35432"},{"taxonomy":"post_tag","embeddable":true,"href":"https:\/\/www.egemtv.com\/index.php?rest_route=%2Fwp%2Fv2%2Ftags&post=35432"}],"curies":[{"name":"wp","href":"https:\/\/api.w.org\/{rel}","templated":true}]}}