{"id":35429,"date":"2025-06-16T11:15:35","date_gmt":"2025-06-16T08:15:35","guid":{"rendered":"https:\/\/www.egemtv.com\/?p=35429"},"modified":"2025-06-16T11:15:38","modified_gmt":"2025-06-16T08:15:38","slug":"manisada-traktor-kazalari-alarm-veriyor-5-ayda-16-olu-59-yarali","status":"publish","type":"post","link":"https:\/\/www.egemtv.com\/?p=35429","title":{"rendered":"Manisa\u2019da trakt\u00f6r kazalar\u0131 alarm veriyor: 5 ayda 16 \u00f6l\u00fc, 59 yaral\u0131"},"content":{"rendered":"<p>T\u00fcrkiye\u2019nin en fazla trakt\u00f6re sahip \u015fehri olan Manisa\u2019da, 2025 y\u0131l\u0131n\u0131n ilk 5 ay\u0131nda meydana gelen trakt\u00f6r kazalar\u0131nda 16 ki\u015fi hayat\u0131n\u0131 kaybederken, 59 ki\u015fi yaraland\u0131. Manisa \u0130l Jandarma Komutanl\u0131\u011f\u0131 taraf\u0131ndan yap\u0131lan incelemeler, kazalar\u0131n b\u00fcy\u00fck oranda ihmallerden ve eksik g\u00fcvenlik tedbirlerinden kaynakland\u0131\u011f\u0131n\u0131 ortaya koydu.<br \/>\n<br \/>Manisa \u0130l Jandarma Komutanl\u0131\u011f\u0131\u2019ndan edinilen bilgilere g\u00f6re, tar\u0131m sezonunun ba\u015flamas\u0131 ile birlikte 2025 y\u0131l\u0131 i\u00e7erisinde il genelinde meydana gelen trakt\u00f6r kazalar\u0131nda 16 ki\u015finin hayat\u0131n\u0131 kaybetti\u011fi, 59 ki\u015finin yaraland\u0131\u011f\u0131 \u00f6\u011frenildi.<br \/>\n<br \/>Meydana gelen trakt\u00f6r kazalar\u0131n\u0131n ortak sebepleri aras\u0131nda ise s\u00fcr\u00fcc\u00fclerin tecr\u00fcbesizli\u011fi ve dikkatsizli\u011fi, trakt\u00f6r\u00fcn otomobil gibi kullan\u0131l\u0131yor olmas\u0131, yolcu ta\u015f\u0131ma kurallar\u0131na uyulmamas\u0131 ve reflekt\u00f6r gibi uyar\u0131c\u0131 g\u00f6r\u00fcn\u00fcr ekipman kullanmamalar\u0131 ile \u0131\u015f\u0131k donan\u0131mlar\u0131n\u0131n eksikli\u011fi dikkatleri \u00e7ekiyor. Yani al\u0131nabilecek k\u00fc\u00e7\u00fck \u00f6nlemlerin hem kazalar\u0131n olu\u015funu \u00f6nleyece\u011fi, hem de hayatlar\u0131 kurtaraca\u011f\u0131 g\u00f6r\u00fcn\u00fcyor.<\/p>\n<p>Trakt\u00f6r kazalar\u0131n\u0131n sebepleri<br \/>\n<br \/>Manisa\u2019da meydana gelen trakt\u00f6r kazalar\u0131n\u0131n nedenleri aras\u0131nda devrilmeye kar\u015f\u0131 koruma kabini (ROPS demiri) eksikli\u011fi, s\u00fcr\u00fcc\u00fclerin tecr\u00fcbesizli\u011fi ve dikkatsizli\u011fi, trakt\u00f6rlerin teknik \u00f6zelliklerine dair bilgi eksikli\u011fi, trakt\u00f6rle yolcu ta\u015f\u0131nmas\u0131, \u0131\u015f\u0131k donan\u0131m eksiklikleri ve uyar\u0131c\u0131 ekipman kullan\u0131lmamas\u0131 olarak s\u0131raland\u0131.<\/p>\n<p>K\u00fc\u00e7\u00fck tedbirler hayat kurtar\u0131r<br \/>\n<br \/>Trakt\u00f6r kazalar\u0131n\u0131n \u00f6nlenmesi i\u00e7in al\u0131nmas\u0131 gereken tedbirler ise \u015f\u00f6yle s\u0131raland\u0131: &#8220;Trakt\u00f6rlerde devrilmeye kar\u015f\u0131 koruyucu kabin ve ROPS demiri kullan\u0131lmal\u0131, fenni muayeneler d\u00fczenli yapt\u0131r\u0131lmal\u0131, \u0131\u015f\u0131k donan\u0131mlar\u0131 eksiksiz olmal\u0131, tar\u0131m aletleri trakt\u00f6r \u0131\u015f\u0131klar\u0131n\u0131 kapatmayacak \u015fekilde tak\u0131lmal\u0131, r\u00f6morklarda \u00fc\u00e7gen reflekt\u00f6rler bulundurulmal\u0131, trakt\u00f6r \u00fczerinde yolcu ta\u015f\u0131nmamal\u0131, tecr\u00fcbesiz ve belgesiz ki\u015filere trakt\u00f6r kulland\u0131r\u0131lmamal\u0131d\u0131r.&#8221;<br \/><\/p>\n","protected":false},"excerpt":{"rendered":"<p>T\u00fcrkiye\u2019nin en fazla trakt\u00f6re sahip \u015fehri olan Manisa\u2019da, 2025 y\u0131l\u0131n\u0131n ilk 5 ay\u0131nda meydana gelen trakt\u00f6r kazalar\u0131nda 16 ki\u015fi hayat\u0131n\u0131 kaybederken, 59 ki\u015fi yaraland\u0131. Manisa \u0130l Jandarma Komutanl\u0131\u011f\u0131 taraf\u0131ndan yap\u0131lan incelemeler, kazalar\u0131n b\u00fcy\u00fck oranda ihmallerden ve eksik g\u00fcvenlik tedbirlerinden kaynakland\u0131\u011f\u0131n\u0131 ortaya koydu. Manisa \u0130l Jandarma Komutanl\u0131\u011f\u0131\u2019ndan edinilen bilgilere g\u00f6re, tar\u0131m sezonunun ba\u015flamas\u0131 ile birlikte 2025&#8230;<\/p>\n","protected":false},"author":1,"featured_media":35430,"comment_status":"open","ping_status":"open","sticky":false,"template":"","format":"standard","meta":{"_crdt_document":"","footnotes":""},"categories":[5],"tags":[],"class_list":["post-35429","post","type-post","status-publish","format-standard","has-post-thumbnail","hentry","category-asayis"],"_links":{"self":[{"href":"https:\/\/www.egemtv.com\/index.php?rest_route=\/wp\/v2\/posts\/35429","targetHints":{"allow":["GET"]}}],"collection":[{"href":"https:\/\/www.egemtv.com\/index.php?rest_route=\/wp\/v2\/posts"}],"about":[{"href":"https:\/\/www.egemtv.com\/index.php?rest_route=\/wp\/v2\/types\/post"}],"author":[{"embeddable":true,"href":"https:\/\/www.egemtv.com\/index.php?rest_route=\/wp\/v2\/users\/1"}],"replies":[{"embeddable":true,"href":"https:\/\/www.egemtv.com\/index.php?rest_route=%2Fwp%2Fv2%2Fcomments&post=35429"}],"version-history":[{"count":1,"href":"https:\/\/www.egemtv.com\/index.php?rest_route=\/wp\/v2\/posts\/35429\/revisions"}],"predecessor-version":[{"id":35431,"href":"https:\/\/www.egemtv.com\/index.php?rest_route=\/wp\/v2\/posts\/35429\/revisions\/35431"}],"wp:featuredmedia":[{"embeddable":true,"href":"https:\/\/www.egemtv.com\/index.php?rest_route=\/wp\/v2\/media\/35430"}],"wp:attachment":[{"href":"https:\/\/www.egemtv.com\/index.php?rest_route=%2Fwp%2Fv2%2Fmedia&parent=35429"}],"wp:term":[{"taxonomy":"category","embeddable":true,"href":"https:\/\/www.egemtv.com\/index.php?rest_route=%2Fwp%2Fv2%2Fcategories&post=35429"},{"taxonomy":"post_tag","embeddable":true,"href":"https:\/\/www.egemtv.com\/index.php?rest_route=%2Fwp%2Fv2%2Ftags&post=35429"}],"curies":[{"name":"wp","href":"https:\/\/api.w.org\/{rel}","templated":true}]}}