{"id":35426,"date":"2025-06-16T10:56:07","date_gmt":"2025-06-16T07:56:07","guid":{"rendered":"https:\/\/www.egemtv.com\/?p=35426"},"modified":"2025-06-16T10:56:09","modified_gmt":"2025-06-16T07:56:09","slug":"sehit-babalarina-anlamli-ziyaret","status":"publish","type":"post","link":"https:\/\/www.egemtv.com\/?p=35426","title":{"rendered":"\u015eehit babalar\u0131na anlaml\u0131 ziyaret"},"content":{"rendered":"<p>Afyonkarahisar Sinanpa\u015fa Kaymakam\u0131 Emrah Aslan, \u0130l Emniyet M\u00fcd\u00fcr\u00fc Ahmet Birtan Erol ile \u015fehit babalar\u0131n\u0131 ziyaret etti.<\/p>\n<p>Kaymakam Aslan ve Erol\u2019a ziyarette \u0130l\u00e7e Jandarma Komutan\u0131 \u0130zzet G\u00fcne\u015f, \u0130l\u00e7e Emniyet Amiri V. Aziz G\u00f6kg\u00f6z, SYDV M\u00fcd\u00fcr\u00fc Yeliz Ta\u015fdemir ve beraberindeki kamu personeli de e\u015flik etti. Vatan u\u011fruna evlatlar\u0131n\u0131 feda eden \u015fehit babalar\u0131n\u0131n Babalar G\u00fcn\u00fc\u2019n\u00fc kutlayan heyet, her bir baba ile yak\u0131ndan ilgilenerek g\u00f6n\u00fcllerine dokundu. Duygusal anlar\u0131n ya\u015fand\u0131\u011f\u0131 ziyaretlerde, devletin her daim \u015fehit yak\u0131nlar\u0131n\u0131n yan\u0131nda oldu\u011fu vurguland\u0131. Ziyaret sonunda a\u00e7\u0131klama yapan Kaymakam\u0131 Emrah Aslan, &#8220;\u015eehitlerimizin k\u0131ymetli emanetleri olan aileleri, milletimizin ba\u015f tac\u0131d\u0131r. Onlar\u0131n fedak\u00e2rl\u0131\u011f\u0131, g\u00f6n\u00fcllerimizde daima minnetle ya\u015fat\u0131lacakt\u0131r&#8221; ifadelerine yer verildi.<br \/><\/p>\n","protected":false},"excerpt":{"rendered":"<p>Afyonkarahisar Sinanpa\u015fa Kaymakam\u0131 Emrah Aslan, \u0130l Emniyet M\u00fcd\u00fcr\u00fc Ahmet Birtan Erol ile \u015fehit babalar\u0131n\u0131 ziyaret etti. Kaymakam Aslan ve Erol\u2019a ziyarette \u0130l\u00e7e Jandarma Komutan\u0131 \u0130zzet G\u00fcne\u015f, \u0130l\u00e7e Emniyet Amiri V. Aziz G\u00f6kg\u00f6z, SYDV M\u00fcd\u00fcr\u00fc Yeliz Ta\u015fdemir ve beraberindeki kamu personeli de e\u015flik etti. Vatan u\u011fruna evlatlar\u0131n\u0131 feda eden \u015fehit babalar\u0131n\u0131n Babalar G\u00fcn\u00fc\u2019n\u00fc kutlayan heyet, her&#8230;<\/p>\n","protected":false},"author":1,"featured_media":35427,"comment_status":"open","ping_status":"open","sticky":false,"template":"","format":"standard","meta":{"_crdt_document":"","footnotes":""},"categories":[1],"tags":[],"class_list":["post-35426","post","type-post","status-publish","format-standard","has-post-thumbnail","hentry","category-guncel"],"_links":{"self":[{"href":"https:\/\/www.egemtv.com\/index.php?rest_route=\/wp\/v2\/posts\/35426","targetHints":{"allow":["GET"]}}],"collection":[{"href":"https:\/\/www.egemtv.com\/index.php?rest_route=\/wp\/v2\/posts"}],"about":[{"href":"https:\/\/www.egemtv.com\/index.php?rest_route=\/wp\/v2\/types\/post"}],"author":[{"embeddable":true,"href":"https:\/\/www.egemtv.com\/index.php?rest_route=\/wp\/v2\/users\/1"}],"replies":[{"embeddable":true,"href":"https:\/\/www.egemtv.com\/index.php?rest_route=%2Fwp%2Fv2%2Fcomments&post=35426"}],"version-history":[{"count":1,"href":"https:\/\/www.egemtv.com\/index.php?rest_route=\/wp\/v2\/posts\/35426\/revisions"}],"predecessor-version":[{"id":35428,"href":"https:\/\/www.egemtv.com\/index.php?rest_route=\/wp\/v2\/posts\/35426\/revisions\/35428"}],"wp:featuredmedia":[{"embeddable":true,"href":"https:\/\/www.egemtv.com\/index.php?rest_route=\/wp\/v2\/media\/35427"}],"wp:attachment":[{"href":"https:\/\/www.egemtv.com\/index.php?rest_route=%2Fwp%2Fv2%2Fmedia&parent=35426"}],"wp:term":[{"taxonomy":"category","embeddable":true,"href":"https:\/\/www.egemtv.com\/index.php?rest_route=%2Fwp%2Fv2%2Fcategories&post=35426"},{"taxonomy":"post_tag","embeddable":true,"href":"https:\/\/www.egemtv.com\/index.php?rest_route=%2Fwp%2Fv2%2Ftags&post=35426"}],"curies":[{"name":"wp","href":"https:\/\/api.w.org\/{rel}","templated":true}]}}