{"id":35423,"date":"2025-06-16T10:56:03","date_gmt":"2025-06-16T07:56:03","guid":{"rendered":"https:\/\/www.egemtv.com\/?p=35423"},"modified":"2025-06-16T10:56:07","modified_gmt":"2025-06-16T07:56:07","slug":"vali-yigitbasi-genclerin-taleplerini-dinledi","status":"publish","type":"post","link":"https:\/\/www.egemtv.com\/?p=35423","title":{"rendered":"Vali Yi\u011fitba\u015f\u0131 gen\u00e7lerin taleplerini dinledi"},"content":{"rendered":"<p>Afyonkarahisar Vali Do\u00e7. Dr. K\u00fcbra G\u00fcran Yi\u011fitba\u015f\u0131, e\u015fi Op. Dr. Selim Yi\u011fitba\u015f\u0131 ve \u0130l Milli E\u011fitim M\u00fcd\u00fcr\u00fc Mira\u00e7 S\u00fcnnetci ile birlikte Gedik Ahmet Pa\u015fa \u0130l Halk K\u00fct\u00fcphanesi\u2019nde gece saatlerinde incelemelerde bulundu.<br \/>\n<br \/>Saat 22.00\u2019de ger\u00e7ekle\u015fen ziyarette, gen\u00e7lerin \u00f6zellikle s\u0131nav d\u00f6nemlerinde ak\u015fam saatlerinde k\u00fct\u00fcphaneden faydalanma talepleri yerinde g\u00f6zlemlendi. Vali Yi\u011fitba\u015f\u0131, Y\u00fcksek\u00f6\u011fretim Kurumlar\u0131 S\u0131nav\u0131\u2019na (YKS) say\u0131l\u0131 g\u00fcnler kala k\u00fct\u00fcphanede ders \u00e7al\u0131\u015fan \u00f6\u011frencilerle yak\u0131ndan ilgilendi. \u00d6\u011frencilerle sohbet eden ve ba\u015far\u0131 dileklerini ileten Vali Yi\u011fitba\u015f\u0131, e\u011fitim s\u00fcrecinde gen\u00e7lerin yan\u0131nda olduklar\u0131n\u0131 vurgulad\u0131. Ziyaret s\u0131ras\u0131nda k\u00fct\u00fcphanenin fiziki ko\u015fullar\u0131 ve \u00e7al\u0131\u015fma saatlerine ili\u015fkin bilgiler de de\u011ferlendirildi. Vali Yi\u011fitba\u015f\u0131\u2019n\u0131n bu anlaml\u0131 ziyareti, \u00f6\u011frenciler aras\u0131nda memnuniyetle kar\u015f\u0131land\u0131.<br \/><\/p>\n","protected":false},"excerpt":{"rendered":"<p>Afyonkarahisar Vali Do\u00e7. Dr. K\u00fcbra G\u00fcran Yi\u011fitba\u015f\u0131, e\u015fi Op. Dr. Selim Yi\u011fitba\u015f\u0131 ve \u0130l Milli E\u011fitim M\u00fcd\u00fcr\u00fc Mira\u00e7 S\u00fcnnetci ile birlikte Gedik Ahmet Pa\u015fa \u0130l Halk K\u00fct\u00fcphanesi\u2019nde gece saatlerinde incelemelerde bulundu. Saat 22.00\u2019de ger\u00e7ekle\u015fen ziyarette, gen\u00e7lerin \u00f6zellikle s\u0131nav d\u00f6nemlerinde ak\u015fam saatlerinde k\u00fct\u00fcphaneden faydalanma talepleri yerinde g\u00f6zlemlendi. Vali Yi\u011fitba\u015f\u0131, Y\u00fcksek\u00f6\u011fretim Kurumlar\u0131 S\u0131nav\u0131\u2019na (YKS) say\u0131l\u0131 g\u00fcnler kala&#8230;<\/p>\n","protected":false},"author":1,"featured_media":35424,"comment_status":"open","ping_status":"open","sticky":false,"template":"","format":"standard","meta":{"_crdt_document":"","footnotes":""},"categories":[1],"tags":[],"class_list":["post-35423","post","type-post","status-publish","format-standard","has-post-thumbnail","hentry","category-guncel"],"_links":{"self":[{"href":"https:\/\/www.egemtv.com\/index.php?rest_route=\/wp\/v2\/posts\/35423","targetHints":{"allow":["GET"]}}],"collection":[{"href":"https:\/\/www.egemtv.com\/index.php?rest_route=\/wp\/v2\/posts"}],"about":[{"href":"https:\/\/www.egemtv.com\/index.php?rest_route=\/wp\/v2\/types\/post"}],"author":[{"embeddable":true,"href":"https:\/\/www.egemtv.com\/index.php?rest_route=\/wp\/v2\/users\/1"}],"replies":[{"embeddable":true,"href":"https:\/\/www.egemtv.com\/index.php?rest_route=%2Fwp%2Fv2%2Fcomments&post=35423"}],"version-history":[{"count":1,"href":"https:\/\/www.egemtv.com\/index.php?rest_route=\/wp\/v2\/posts\/35423\/revisions"}],"predecessor-version":[{"id":35425,"href":"https:\/\/www.egemtv.com\/index.php?rest_route=\/wp\/v2\/posts\/35423\/revisions\/35425"}],"wp:featuredmedia":[{"embeddable":true,"href":"https:\/\/www.egemtv.com\/index.php?rest_route=\/wp\/v2\/media\/35424"}],"wp:attachment":[{"href":"https:\/\/www.egemtv.com\/index.php?rest_route=%2Fwp%2Fv2%2Fmedia&parent=35423"}],"wp:term":[{"taxonomy":"category","embeddable":true,"href":"https:\/\/www.egemtv.com\/index.php?rest_route=%2Fwp%2Fv2%2Fcategories&post=35423"},{"taxonomy":"post_tag","embeddable":true,"href":"https:\/\/www.egemtv.com\/index.php?rest_route=%2Fwp%2Fv2%2Ftags&post=35423"}],"curies":[{"name":"wp","href":"https:\/\/api.w.org\/{rel}","templated":true}]}}