{"id":35420,"date":"2025-06-16T10:55:58","date_gmt":"2025-06-16T07:55:58","guid":{"rendered":"https:\/\/www.egemtv.com\/?p=35420"},"modified":"2025-06-16T10:56:02","modified_gmt":"2025-06-16T07:56:02","slug":"kaymakam-yucelden-spor-kursuna-ziyaret","status":"publish","type":"post","link":"https:\/\/www.egemtv.com\/?p=35420","title":{"rendered":"Kaymakam Y\u00fccel\u2019den spor kursuna ziyaret"},"content":{"rendered":"<p>Afyonkarahisar \u00c7obanlar Kaymakam\u0131 Nazmi Y\u00fccel, \u00c7ocuk ve Ergen Koruma ve Aileyi Destekleme Program\u0131 (\u00c7EKAP) \u00e7er\u00e7evesinde y\u00fcr\u00fct\u00fclen sportif faaliyetler \u00e7er\u00e7evesinde Halk E\u011fitim Merkezi taraf\u0131ndan \u00fccretsiz olarak a\u00e7\u0131lan haz\u0131rl\u0131k kursunu ziyaret etti.<br \/>\n<br \/>BESYO, POMEM ve Spor Liselerine haz\u0131rlanan gen\u00e7lerin kat\u0131l\u0131m g\u00f6sterdi\u011fi kursta incelemelerde bulunan Kaymakam Y\u00fccel, kursiyerlerle sohbet ederek ba\u015far\u0131 dileklerinde bulundu. Ziyaret s\u0131ras\u0131nda, gen\u00e7lerin sporla desteklenerek s\u0131navlara haz\u0131rlanmalar\u0131n\u0131n \u00f6nemine dikkat \u00e7eken Y\u00fccel, benzer projelerin artarak devam edece\u011fini ifade etti.<br \/><\/p>\n","protected":false},"excerpt":{"rendered":"<p>Afyonkarahisar \u00c7obanlar Kaymakam\u0131 Nazmi Y\u00fccel, \u00c7ocuk ve Ergen Koruma ve Aileyi Destekleme Program\u0131 (\u00c7EKAP) \u00e7er\u00e7evesinde y\u00fcr\u00fct\u00fclen sportif faaliyetler \u00e7er\u00e7evesinde Halk E\u011fitim Merkezi taraf\u0131ndan \u00fccretsiz olarak a\u00e7\u0131lan haz\u0131rl\u0131k kursunu ziyaret etti. BESYO, POMEM ve Spor Liselerine haz\u0131rlanan gen\u00e7lerin kat\u0131l\u0131m g\u00f6sterdi\u011fi kursta incelemelerde bulunan Kaymakam Y\u00fccel, kursiyerlerle sohbet ederek ba\u015far\u0131 dileklerinde bulundu. Ziyaret s\u0131ras\u0131nda, gen\u00e7lerin sporla desteklenerek&#8230;<\/p>\n","protected":false},"author":1,"featured_media":35421,"comment_status":"open","ping_status":"open","sticky":false,"template":"","format":"standard","meta":{"_crdt_document":"","footnotes":""},"categories":[1],"tags":[],"class_list":["post-35420","post","type-post","status-publish","format-standard","has-post-thumbnail","hentry","category-guncel"],"_links":{"self":[{"href":"https:\/\/www.egemtv.com\/index.php?rest_route=\/wp\/v2\/posts\/35420","targetHints":{"allow":["GET"]}}],"collection":[{"href":"https:\/\/www.egemtv.com\/index.php?rest_route=\/wp\/v2\/posts"}],"about":[{"href":"https:\/\/www.egemtv.com\/index.php?rest_route=\/wp\/v2\/types\/post"}],"author":[{"embeddable":true,"href":"https:\/\/www.egemtv.com\/index.php?rest_route=\/wp\/v2\/users\/1"}],"replies":[{"embeddable":true,"href":"https:\/\/www.egemtv.com\/index.php?rest_route=%2Fwp%2Fv2%2Fcomments&post=35420"}],"version-history":[{"count":1,"href":"https:\/\/www.egemtv.com\/index.php?rest_route=\/wp\/v2\/posts\/35420\/revisions"}],"predecessor-version":[{"id":35422,"href":"https:\/\/www.egemtv.com\/index.php?rest_route=\/wp\/v2\/posts\/35420\/revisions\/35422"}],"wp:featuredmedia":[{"embeddable":true,"href":"https:\/\/www.egemtv.com\/index.php?rest_route=\/wp\/v2\/media\/35421"}],"wp:attachment":[{"href":"https:\/\/www.egemtv.com\/index.php?rest_route=%2Fwp%2Fv2%2Fmedia&parent=35420"}],"wp:term":[{"taxonomy":"category","embeddable":true,"href":"https:\/\/www.egemtv.com\/index.php?rest_route=%2Fwp%2Fv2%2Fcategories&post=35420"},{"taxonomy":"post_tag","embeddable":true,"href":"https:\/\/www.egemtv.com\/index.php?rest_route=%2Fwp%2Fv2%2Ftags&post=35420"}],"curies":[{"name":"wp","href":"https:\/\/api.w.org\/{rel}","templated":true}]}}