{"id":35417,"date":"2025-06-16T10:55:54","date_gmt":"2025-06-16T07:55:54","guid":{"rendered":"https:\/\/www.egemtv.com\/?p=35417"},"modified":"2025-06-16T10:55:58","modified_gmt":"2025-06-16T07:55:58","slug":"baskan-kahveciden-porsuk-cayindaki-icme-suyu-tesislerine-inceleme","status":"publish","type":"post","link":"https:\/\/www.egemtv.com\/?p=35417","title":{"rendered":"Ba\u015fkan Kahveci\u2019den Porsuk \u00c7ay\u0131\u2019ndaki \u0130\u00e7me Suyu Tesisleri\u2019ne inceleme"},"content":{"rendered":"<p>K\u00fctahya Belediye Ba\u015fkan\u0131 Ey\u00fcp Kahveci, Porsuk \u00c7ay\u0131 \u00fczerinde bulunan i\u00e7me suyu tesislerinde kapsaml\u0131 bir inceleme ger\u00e7ekle\u015ftirdi.<br \/>\n<br \/>Tesislerde y\u00fcr\u00fct\u00fclen \u00e7al\u0131\u015fmalar hakk\u0131nda yetkililerden bilgi alan Ba\u015fkan Kahveci, su verimlili\u011fi, debi \u00f6l\u00e7\u00fcmleri ve gelecekteki su y\u00f6netimiyle ilgili de\u011ferlendirmelerde bulundu. Kahveci, mevcut su kapasitesi ve kullan\u0131m verileri do\u011frultusunda suyun daha etkin ve s\u00fcrd\u00fcr\u00fclebilir \u015fekilde de\u011ferlendirilmesi gerekti\u011finin alt\u0131n\u0131 \u00e7izdi.<br \/>\n<br \/>Ba\u015fkan Kahveci, inceleme sonras\u0131 yapt\u0131\u011f\u0131 a\u00e7\u0131klamada, &#8220;Su, hayati bir kaynakt\u0131r. \u015eehrimizin su ihtiyac\u0131n\u0131 uzun y\u0131llar boyunca kar\u015f\u0131layabilmek i\u00e7in mevcut tesislerimizin verimlili\u011fini art\u0131rmak ve su israf\u0131n\u0131 \u00f6nlemek ad\u0131na \u00e7al\u0131\u015fmalar\u0131m\u0131za devam ediyoruz. Su kaynaklar\u0131m\u0131z\u0131 korumak ve g\u00fc\u00e7lendirmek, gelecek nesillere kar\u015f\u0131 en temel sorumlulu\u011fumuzdur,&#8221; ifadelerini kulland\u0131.<br \/>\n<br \/>Suyun bilin\u00e7li t\u00fcketiminin \u00f6nemine dikkat \u00e7eken Kahveci, belediye olarak s\u00fcrd\u00fcr\u00fclebilir su y\u00f6netimi konusunda kararl\u0131l\u0131kla \u00e7al\u0131\u015fmaya devam edeceklerini belirtti.<br \/><\/p>\n","protected":false},"excerpt":{"rendered":"<p>K\u00fctahya Belediye Ba\u015fkan\u0131 Ey\u00fcp Kahveci, Porsuk \u00c7ay\u0131 \u00fczerinde bulunan i\u00e7me suyu tesislerinde kapsaml\u0131 bir inceleme ger\u00e7ekle\u015ftirdi. Tesislerde y\u00fcr\u00fct\u00fclen \u00e7al\u0131\u015fmalar hakk\u0131nda yetkililerden bilgi alan Ba\u015fkan Kahveci, su verimlili\u011fi, debi \u00f6l\u00e7\u00fcmleri ve gelecekteki su y\u00f6netimiyle ilgili de\u011ferlendirmelerde bulundu. Kahveci, mevcut su kapasitesi ve kullan\u0131m verileri do\u011frultusunda suyun daha etkin ve s\u00fcrd\u00fcr\u00fclebilir \u015fekilde de\u011ferlendirilmesi gerekti\u011finin alt\u0131n\u0131 \u00e7izdi. Ba\u015fkan&#8230;<\/p>\n","protected":false},"author":1,"featured_media":35418,"comment_status":"open","ping_status":"open","sticky":false,"template":"","format":"standard","meta":{"_crdt_document":"","footnotes":""},"categories":[1],"tags":[],"class_list":["post-35417","post","type-post","status-publish","format-standard","has-post-thumbnail","hentry","category-guncel"],"_links":{"self":[{"href":"https:\/\/www.egemtv.com\/index.php?rest_route=\/wp\/v2\/posts\/35417","targetHints":{"allow":["GET"]}}],"collection":[{"href":"https:\/\/www.egemtv.com\/index.php?rest_route=\/wp\/v2\/posts"}],"about":[{"href":"https:\/\/www.egemtv.com\/index.php?rest_route=\/wp\/v2\/types\/post"}],"author":[{"embeddable":true,"href":"https:\/\/www.egemtv.com\/index.php?rest_route=\/wp\/v2\/users\/1"}],"replies":[{"embeddable":true,"href":"https:\/\/www.egemtv.com\/index.php?rest_route=%2Fwp%2Fv2%2Fcomments&post=35417"}],"version-history":[{"count":1,"href":"https:\/\/www.egemtv.com\/index.php?rest_route=\/wp\/v2\/posts\/35417\/revisions"}],"predecessor-version":[{"id":35419,"href":"https:\/\/www.egemtv.com\/index.php?rest_route=\/wp\/v2\/posts\/35417\/revisions\/35419"}],"wp:featuredmedia":[{"embeddable":true,"href":"https:\/\/www.egemtv.com\/index.php?rest_route=\/wp\/v2\/media\/35418"}],"wp:attachment":[{"href":"https:\/\/www.egemtv.com\/index.php?rest_route=%2Fwp%2Fv2%2Fmedia&parent=35417"}],"wp:term":[{"taxonomy":"category","embeddable":true,"href":"https:\/\/www.egemtv.com\/index.php?rest_route=%2Fwp%2Fv2%2Fcategories&post=35417"},{"taxonomy":"post_tag","embeddable":true,"href":"https:\/\/www.egemtv.com\/index.php?rest_route=%2Fwp%2Fv2%2Ftags&post=35417"}],"curies":[{"name":"wp","href":"https:\/\/api.w.org\/{rel}","templated":true}]}}