{"id":35414,"date":"2025-06-16T10:36:05","date_gmt":"2025-06-16T07:36:05","guid":{"rendered":"https:\/\/www.egemtv.com\/?p=35414"},"modified":"2025-06-16T10:36:08","modified_gmt":"2025-06-16T07:36:08","slug":"denizlide-sinava-gec-kalan-ogrencilerin-imdadina-polisler-yetisti","status":"publish","type":"post","link":"https:\/\/www.egemtv.com\/?p=35414","title":{"rendered":"Denizli\u2019de s\u0131nava ge\u00e7 kalan \u00f6\u011frencilerin imdad\u0131na polisler yeti\u015fti"},"content":{"rendered":"<p>Denizli\u2019de Liselere ge\u00e7i\u015f Sistemi (LGS) \u00e7er\u00e7evesinde merkezi s\u0131nava girecek olan \u00f6\u011frenciler ile birlikte ailelerde b\u00fcy\u00fck heyecan ya\u015fad\u0131. Kimli\u011fi evde unutan 3 \u00f6\u011frenci ve yanl\u0131\u015f s\u0131nav merkezine giden \u00f6\u011frencilerin imdad\u0131na Denizli \u0130l Emniyet M\u00fcd\u00fcrl\u00fc\u011f\u00fc ekiplerinin yard\u0131m\u0131yla s\u0131nava son anda yeti\u015fti.<\/p>\n<p>T\u00fcrkiye genelinde 1 milyondan fazla \u00f6\u011frencinin ter d\u00f6kece\u011fi Liselere Ge\u00e7i\u015f Sistemi s\u0131nav\u0131 sabah saat 09.30\u2019da ba\u015flad\u0131. Denizli\u2019de de binlerce \u00f6\u011frenci, aileleriyle birlikte sabah erken saatlerde s\u0131nava girece\u011fi okullara ko\u015ftu. \u00d6\u011frenciler okullardaki s\u0131n\u0131flarda ba\u015far\u0131l\u0131 olmak i\u00e7in ter d\u00f6kerken, aileleri de d\u0131\u015far\u0131da b\u00fcy\u00fck heyecan ya\u015fad\u0131.<\/p>\n<p>Polis ekipleri LGS 2025 sabah\u0131nda \u00f6\u011frencilerin yan\u0131nda<br \/>\n<br \/>S\u0131nava girecek 3 \u00f6\u011frenci yanl\u0131\u015f s\u0131nav merkezine gitmesi nedeniyle polis ekipleri taraf\u0131ndan son anda do\u011fru okullar\u0131na ula\u015ft\u0131r\u0131larak s\u0131nava yeti\u015ftirildi. Ayn\u0131 zamanda 3 \u00f6\u011frenci daha kimliklerini unutmalar\u0131 ya da yanlar\u0131nda olmamas\u0131 nedeniyle ekipler taraf\u0131ndan ge\u00e7ici kimlik belgesi \u00e7\u0131kart\u0131larak s\u0131nava girmeleri sa\u011fland\u0131.<br \/><\/p>\n","protected":false},"excerpt":{"rendered":"<p>Denizli\u2019de Liselere ge\u00e7i\u015f Sistemi (LGS) \u00e7er\u00e7evesinde merkezi s\u0131nava girecek olan \u00f6\u011frenciler ile birlikte ailelerde b\u00fcy\u00fck heyecan ya\u015fad\u0131. Kimli\u011fi evde unutan 3 \u00f6\u011frenci ve yanl\u0131\u015f s\u0131nav merkezine giden \u00f6\u011frencilerin imdad\u0131na Denizli \u0130l Emniyet M\u00fcd\u00fcrl\u00fc\u011f\u00fc ekiplerinin yard\u0131m\u0131yla s\u0131nava son anda yeti\u015fti. T\u00fcrkiye genelinde 1 milyondan fazla \u00f6\u011frencinin ter d\u00f6kece\u011fi Liselere Ge\u00e7i\u015f Sistemi s\u0131nav\u0131 sabah saat 09.30\u2019da ba\u015flad\u0131&#8230;.<\/p>\n","protected":false},"author":1,"featured_media":35415,"comment_status":"open","ping_status":"open","sticky":false,"template":"","format":"standard","meta":{"_crdt_document":"","footnotes":""},"categories":[1],"tags":[],"class_list":["post-35414","post","type-post","status-publish","format-standard","has-post-thumbnail","hentry","category-guncel"],"_links":{"self":[{"href":"https:\/\/www.egemtv.com\/index.php?rest_route=\/wp\/v2\/posts\/35414","targetHints":{"allow":["GET"]}}],"collection":[{"href":"https:\/\/www.egemtv.com\/index.php?rest_route=\/wp\/v2\/posts"}],"about":[{"href":"https:\/\/www.egemtv.com\/index.php?rest_route=\/wp\/v2\/types\/post"}],"author":[{"embeddable":true,"href":"https:\/\/www.egemtv.com\/index.php?rest_route=\/wp\/v2\/users\/1"}],"replies":[{"embeddable":true,"href":"https:\/\/www.egemtv.com\/index.php?rest_route=%2Fwp%2Fv2%2Fcomments&post=35414"}],"version-history":[{"count":1,"href":"https:\/\/www.egemtv.com\/index.php?rest_route=\/wp\/v2\/posts\/35414\/revisions"}],"predecessor-version":[{"id":35416,"href":"https:\/\/www.egemtv.com\/index.php?rest_route=\/wp\/v2\/posts\/35414\/revisions\/35416"}],"wp:featuredmedia":[{"embeddable":true,"href":"https:\/\/www.egemtv.com\/index.php?rest_route=\/wp\/v2\/media\/35415"}],"wp:attachment":[{"href":"https:\/\/www.egemtv.com\/index.php?rest_route=%2Fwp%2Fv2%2Fmedia&parent=35414"}],"wp:term":[{"taxonomy":"category","embeddable":true,"href":"https:\/\/www.egemtv.com\/index.php?rest_route=%2Fwp%2Fv2%2Fcategories&post=35414"},{"taxonomy":"post_tag","embeddable":true,"href":"https:\/\/www.egemtv.com\/index.php?rest_route=%2Fwp%2Fv2%2Ftags&post=35414"}],"curies":[{"name":"wp","href":"https:\/\/api.w.org\/{rel}","templated":true}]}}