{"id":35411,"date":"2025-06-16T10:35:58","date_gmt":"2025-06-16T07:35:58","guid":{"rendered":"https:\/\/www.egemtv.com\/?p=35411"},"modified":"2025-06-16T10:36:05","modified_gmt":"2025-06-16T07:36:05","slug":"p4c-and-coding-time-etwinning-projesiyle-cocuklar-hem-kodluyor-hem-dusunuyor","status":"publish","type":"post","link":"https:\/\/www.egemtv.com\/?p=35411","title":{"rendered":"&#8220;P4C and coding time&#8221; eTwinning projesiyle \u00e7ocuklar hem kodluyor hem d\u00fc\u015f\u00fcn\u00fcyor"},"content":{"rendered":"<p>Kodlama ile \u00e7ocuklar i\u00e7in felsefe (P4C) disiplinlerini bir araya getiren &#8220;P4C and coding time&#8221; adl\u0131 uluslararas\u0131 eTwinning projesi, \u0130zmir Bayrakl\u0131 Azerbaycan Halk Cumhuriyeti 100. Y\u0131l \u0130lkokulu\u2019ndan Dil\u015fen K\u0131rl\u0131 ve Romanya\u2019dan Tufenescu Andreea\u2019n\u0131n kuruculu\u011funda hayata ge\u00e7irildi. Proje, \u00e7ocuklara hem ele\u015ftirel d\u00fc\u015f\u00fcnme becerisi kazand\u0131rmay\u0131 hem de dijital okuryazarl\u0131klar\u0131n\u0131 art\u0131rmay\u0131 hedefliyor.<br \/>\n<br \/>Toplamda 3 Romanyal\u0131 ve 10 T\u00fcrk \u00f6\u011fretmenin yer ald\u0131\u011f\u0131 proje, 226 \u00f6\u011frenciyle y\u00fcr\u00fct\u00fcld\u00fc. \u00d6\u011frenciler, proje s\u00fcresince Web 2.0 ara\u00e7lar\u0131yla desteklenen interaktif ve i\u015fbirlik\u00e7i etkinliklere kat\u0131ld\u0131. Bu sayede hem analitik d\u00fc\u015f\u00fcnme hem de problem \u00e7\u00f6zme becerilerini geli\u015ftirme f\u0131rsat\u0131 buldu. T\u00fcrkiye\u2019den projeye \u0130zmir\u2019den Dil\u015fen K\u0131rl\u0131 ve Mesut Kandemir, Ayd\u0131n\u2019dan Zelal Akg\u00fcn, Sevcan Ulusal, Nazmiye Tan\u0131ska, Tezcan Demir ve Ebru Nadir, Ordu\u2019dan Esra Ergin, Kocaeli\u2019den Pelin \u00dcst\u00fcnkaya ve \u00c7anakkale\u2019den Emine Halavurt kat\u0131ld\u0131. Romanya\u2019dan  ise Mariana Stanca, Tufenescu Andreea ve Ramona Glont temsil etti.<br \/>\n<br \/>Projede \u00f6\u011frenciler, felsefi sorular \u00fczerinden tart\u0131\u015fmalar yaparak d\u00fc\u015f\u00fcncelerini ifade ederken; kodlama etkinlikleri arac\u0131l\u0131\u011f\u0131yla algoritma mant\u0131\u011f\u0131n\u0131 ve \u00e7\u00f6z\u00fcm yollar\u0131n\u0131 \u00f6\u011freniyor. Bu disiplinler aras\u0131 y\u00f6ntem, \u00f6\u011frencilerin 21. y\u00fczy\u0131l becerilerini b\u00fct\u00fcnc\u00fcl bir \u015fekilde geli\u015ftirmesine katk\u0131 sa\u011flad\u0131. Proje kapsam\u0131nda &#8220;Robot tasarl\u0131yorum, robotum canlansayd\u0131 ne yapmas\u0131n\u0131 isterdim?&#8221; sorusu \u00fczerinden yap\u0131lan \u00e7al\u0131\u015fmalar da dikkat \u00e7ekti. Bu etkinlik sayesinde \u00e7ocuklar, hem hayal g\u00fcc\u00fcn\u00fc konu\u015ftururken  hem de d\u00fc\u015f\u00fcnd\u00fcren cevaplar\u0131yla dikkat \u00e7ekti.<br \/><\/p>\n","protected":false},"excerpt":{"rendered":"<p>Kodlama ile \u00e7ocuklar i\u00e7in felsefe (P4C) disiplinlerini bir araya getiren &#8220;P4C and coding time&#8221; adl\u0131 uluslararas\u0131 eTwinning projesi, \u0130zmir Bayrakl\u0131 Azerbaycan Halk Cumhuriyeti 100. Y\u0131l \u0130lkokulu\u2019ndan Dil\u015fen K\u0131rl\u0131 ve Romanya\u2019dan Tufenescu Andreea\u2019n\u0131n kuruculu\u011funda hayata ge\u00e7irildi. Proje, \u00e7ocuklara hem ele\u015ftirel d\u00fc\u015f\u00fcnme becerisi kazand\u0131rmay\u0131 hem de dijital okuryazarl\u0131klar\u0131n\u0131 art\u0131rmay\u0131 hedefliyor. Toplamda 3 Romanyal\u0131 ve 10 T\u00fcrk \u00f6\u011fretmenin&#8230;<\/p>\n","protected":false},"author":1,"featured_media":35412,"comment_status":"open","ping_status":"open","sticky":false,"template":"","format":"standard","meta":{"_crdt_document":"","footnotes":""},"categories":[1],"tags":[],"class_list":["post-35411","post","type-post","status-publish","format-standard","has-post-thumbnail","hentry","category-guncel"],"_links":{"self":[{"href":"https:\/\/www.egemtv.com\/index.php?rest_route=\/wp\/v2\/posts\/35411","targetHints":{"allow":["GET"]}}],"collection":[{"href":"https:\/\/www.egemtv.com\/index.php?rest_route=\/wp\/v2\/posts"}],"about":[{"href":"https:\/\/www.egemtv.com\/index.php?rest_route=\/wp\/v2\/types\/post"}],"author":[{"embeddable":true,"href":"https:\/\/www.egemtv.com\/index.php?rest_route=\/wp\/v2\/users\/1"}],"replies":[{"embeddable":true,"href":"https:\/\/www.egemtv.com\/index.php?rest_route=%2Fwp%2Fv2%2Fcomments&post=35411"}],"version-history":[{"count":1,"href":"https:\/\/www.egemtv.com\/index.php?rest_route=\/wp\/v2\/posts\/35411\/revisions"}],"predecessor-version":[{"id":35413,"href":"https:\/\/www.egemtv.com\/index.php?rest_route=\/wp\/v2\/posts\/35411\/revisions\/35413"}],"wp:featuredmedia":[{"embeddable":true,"href":"https:\/\/www.egemtv.com\/index.php?rest_route=\/wp\/v2\/media\/35412"}],"wp:attachment":[{"href":"https:\/\/www.egemtv.com\/index.php?rest_route=%2Fwp%2Fv2%2Fmedia&parent=35411"}],"wp:term":[{"taxonomy":"category","embeddable":true,"href":"https:\/\/www.egemtv.com\/index.php?rest_route=%2Fwp%2Fv2%2Fcategories&post=35411"},{"taxonomy":"post_tag","embeddable":true,"href":"https:\/\/www.egemtv.com\/index.php?rest_route=%2Fwp%2Fv2%2Ftags&post=35411"}],"curies":[{"name":"wp","href":"https:\/\/api.w.org\/{rel}","templated":true}]}}