{"id":35222,"date":"2025-06-15T10:57:14","date_gmt":"2025-06-15T07:57:14","guid":{"rendered":"https:\/\/www.egemtv.com\/?p=35222"},"modified":"2025-06-15T10:57:18","modified_gmt":"2025-06-15T07:57:18","slug":"aydinda-trafik-ekiplerinden-lgs-nobeti","status":"publish","type":"post","link":"https:\/\/www.egemtv.com\/?p=35222","title":{"rendered":"Ayd\u0131n\u2019da trafik ekiplerinden &#8220;LGS&#8221; n\u00f6beti"},"content":{"rendered":"<p>\u00dclke genelinde oldu\u011fu gibi Ayd\u0131n\u2019da da binlerce \u00f6\u011frenci LGS maratonunda ter d\u00f6kerken, trafik ekipleri de \u00f6\u011frencilerin ma\u011fduriyet ya\u015famamas\u0131 i\u00e7in g\u00f6rev yapt\u0131. Ayr\u0131ca \u00f6\u011frencilerin motivasyonunun bozulmamas\u0131 i\u00e7in fark\u0131ndal\u0131k olu\u015fturan trafik ekipleri, s\u0131nav saatlerinde korna \u00e7al\u0131nmamas\u0131 \u00e7a\u011fr\u0131s\u0131nda bulundu.<br \/>\n<br \/>Fen Liseleri, Sosyal Bilimler Liseleri, Proje okullar\u0131 ile Mesleki ve Teknik Anadolu Liseleri, Anadolu Teknik programlar\u0131na \u00f6\u011frenci se\u00e7mek amac\u0131yla ger\u00e7ekle\u015ftirilecek olan Liselere Ge\u00e7i\u015f Sistemi (LGS) s\u0131nav\u0131 i\u00e7in geri say\u0131m ba\u015flarken, Ayd\u0131n Trafik Denetleme \u015eube M\u00fcd\u00fcrl\u00fc\u011f\u00fc ekipleri de \u00f6\u011frencilerin ma\u011fduriyet ya\u015famamas\u0131 amac\u0131yla g\u00f6rev yapt\u0131. Merkez il\u00e7e Efeler\u2019de s\u0131nav merkezleri g\u00fczergahlar\u0131nda trafik tedbirlerini tamamlayan ekipler, \u00f6\u011frencilerin en h\u0131zl\u0131 \u015fekilde s\u0131nava yeti\u015fmelerini sa\u011flamak i\u00e7in yo\u011fun \u00e7aba sarf etti. Her y\u0131l oldu\u011fu gibi bu y\u0131l da s\u0131nava ge\u00e7 kalan \u00f6\u011frencilerin s\u0131nava yeti\u015ftirilmesi i\u00e7in motorize trafik ekipleri de haz\u0131r bekledi.<br \/>\n<br \/>Ayr\u0131ca Ayd\u0131n Trafik Denetleme \u015eube M\u00fcd\u00fcrl\u00fc\u011f\u00fc ekipleri, vatanda\u015flar\u0131n trafikte korna \u00e7almayarak hassasiyetli olmalar\u0131 \u00e7a\u011fr\u0131s\u0131nda bulundu. S\u0131nava girecek \u00f6\u011frencilerin motivasyonlar\u0131n\u0131 bozmamak ve dikkatlerini da\u011f\u0131tmamak i\u00e7in vatanda\u015flar\u0131 bilgilendiren ekipler fark\u0131ndal\u0131k olu\u015fturdu. Trafikte \u00e7al\u0131nan korna ile \u00f6\u011frencilerin dikkatlerini da\u011f\u0131t\u0131lmamas\u0131 gerekti\u011fine dikkat \u00e7ekilen fark\u0131ndal\u0131k \u00e7al\u0131\u015fmas\u0131nda trafik polisleri, s\u00fcr\u00fcc\u00fcler ve vatanda\u015flar\u0131 duyarl\u0131 olmaya davet etti.<br \/><\/p>\n","protected":false},"excerpt":{"rendered":"<p>\u00dclke genelinde oldu\u011fu gibi Ayd\u0131n\u2019da da binlerce \u00f6\u011frenci LGS maratonunda ter d\u00f6kerken, trafik ekipleri de \u00f6\u011frencilerin ma\u011fduriyet ya\u015famamas\u0131 i\u00e7in g\u00f6rev yapt\u0131. Ayr\u0131ca \u00f6\u011frencilerin motivasyonunun bozulmamas\u0131 i\u00e7in fark\u0131ndal\u0131k olu\u015fturan trafik ekipleri, s\u0131nav saatlerinde korna \u00e7al\u0131nmamas\u0131 \u00e7a\u011fr\u0131s\u0131nda bulundu. Fen Liseleri, Sosyal Bilimler Liseleri, Proje okullar\u0131 ile Mesleki ve Teknik Anadolu Liseleri, Anadolu Teknik programlar\u0131na \u00f6\u011frenci se\u00e7mek amac\u0131yla&#8230;<\/p>\n","protected":false},"author":1,"featured_media":35223,"comment_status":"open","ping_status":"open","sticky":false,"template":"","format":"standard","meta":{"_crdt_document":"","footnotes":""},"categories":[1],"tags":[],"class_list":["post-35222","post","type-post","status-publish","format-standard","has-post-thumbnail","hentry","category-guncel"],"_links":{"self":[{"href":"https:\/\/www.egemtv.com\/index.php?rest_route=\/wp\/v2\/posts\/35222","targetHints":{"allow":["GET"]}}],"collection":[{"href":"https:\/\/www.egemtv.com\/index.php?rest_route=\/wp\/v2\/posts"}],"about":[{"href":"https:\/\/www.egemtv.com\/index.php?rest_route=\/wp\/v2\/types\/post"}],"author":[{"embeddable":true,"href":"https:\/\/www.egemtv.com\/index.php?rest_route=\/wp\/v2\/users\/1"}],"replies":[{"embeddable":true,"href":"https:\/\/www.egemtv.com\/index.php?rest_route=%2Fwp%2Fv2%2Fcomments&post=35222"}],"version-history":[{"count":1,"href":"https:\/\/www.egemtv.com\/index.php?rest_route=\/wp\/v2\/posts\/35222\/revisions"}],"predecessor-version":[{"id":35224,"href":"https:\/\/www.egemtv.com\/index.php?rest_route=\/wp\/v2\/posts\/35222\/revisions\/35224"}],"wp:featuredmedia":[{"embeddable":true,"href":"https:\/\/www.egemtv.com\/index.php?rest_route=\/wp\/v2\/media\/35223"}],"wp:attachment":[{"href":"https:\/\/www.egemtv.com\/index.php?rest_route=%2Fwp%2Fv2%2Fmedia&parent=35222"}],"wp:term":[{"taxonomy":"category","embeddable":true,"href":"https:\/\/www.egemtv.com\/index.php?rest_route=%2Fwp%2Fv2%2Fcategories&post=35222"},{"taxonomy":"post_tag","embeddable":true,"href":"https:\/\/www.egemtv.com\/index.php?rest_route=%2Fwp%2Fv2%2Ftags&post=35222"}],"curies":[{"name":"wp","href":"https:\/\/api.w.org\/{rel}","templated":true}]}}