{"id":35219,"date":"2025-06-15T10:57:09","date_gmt":"2025-06-15T07:57:09","guid":{"rendered":"https:\/\/www.egemtv.com\/?p=35219"},"modified":"2025-06-15T10:57:14","modified_gmt":"2025-06-15T07:57:14","slug":"ogrenciler-sinavda-veliler-disarida-ter-doktu","status":"publish","type":"post","link":"https:\/\/www.egemtv.com\/?p=35219","title":{"rendered":"\u00d6\u011frenciler s\u0131navda veliler d\u0131\u015far\u0131da ter d\u00f6kt\u00fc"},"content":{"rendered":"<p>\u00dclke genelinde oldu\u011fu gibi Ayd\u0131n\u2019da da binlerce \u00f6\u011frenci LGS maratonunda ter d\u00f6kerken, ailelerin okul \u00f6nlerindeki merakl\u0131 bekleyi\u015f manzaras\u0131 da de\u011fi\u015fmedi. \u00d6\u011frenciler s\u0131navda veliler de d\u0131\u015far\u0131da ter d\u00f6kt\u00fc.<\/p>\n<p>Fen Liseleri, Sosyal Bilimler Liseleri, Proje okullar\u0131 ile Mesleki ve Teknik Anadolu Liseleri, Anadolu Teknik programlar\u0131na \u00f6\u011frenci se\u00e7mek amac\u0131yla ger\u00e7ekle\u015ftirilen Liselere Ge\u00e7i\u015f Sistemi (LGS) Ayd\u0131n\u2019da 17 il\u00e7ede binlerce \u00f6\u011frencinin kat\u0131l\u0131m\u0131yla ger\u00e7ekle\u015ftirildi. Salon g\u00f6revlilerinin g\u00f6zetiminde yap\u0131lacak olan LGS s\u0131nav\u0131 saat 09.30 ve 11.30 olmak \u00fczere iki oturum halinde ger\u00e7ekle\u015ftirilirken, \u00f6\u011frenciler aileleriyle birlikte 1 saat \u00f6ncesinde s\u0131nav merkezlerine geldi. S\u0131nav merkezleri \u00f6n\u00fcnde g\u00f6revlilerce kar\u015f\u0131lanan \u00f6\u011frenciler salonlara y\u00f6nlendirildi. Bir\u00e7ok \u00f6\u011frenci s\u0131nav esnas\u0131nda ter d\u00f6kerken aileler de okul \u00f6nlerinde ter d\u00f6kt\u00fc. Her y\u0131l oldu\u011fu gibi bu y\u0131l da s\u0131nav merkezleri \u00f6n\u00fcndeki manzara de\u011fi\u015fmedi. \u00c7ocuklar\u0131n\u0131n s\u0131navdan \u00e7\u0131kmas\u0131n\u0131 bekleyen baz\u0131 veliler s\u0131nav merkezleri \u00f6n\u00fcnde bekleyerek Kur\u2019an-\u0131 Kerim okuyup dua ederken, baz\u0131 veliler ise \u00f6\u011frenciler kadar d\u0131\u015far\u0131da heyecan ya\u015fad\u0131.<br \/><\/p>\n","protected":false},"excerpt":{"rendered":"<p>\u00dclke genelinde oldu\u011fu gibi Ayd\u0131n\u2019da da binlerce \u00f6\u011frenci LGS maratonunda ter d\u00f6kerken, ailelerin okul \u00f6nlerindeki merakl\u0131 bekleyi\u015f manzaras\u0131 da de\u011fi\u015fmedi. \u00d6\u011frenciler s\u0131navda veliler de d\u0131\u015far\u0131da ter d\u00f6kt\u00fc. Fen Liseleri, Sosyal Bilimler Liseleri, Proje okullar\u0131 ile Mesleki ve Teknik Anadolu Liseleri, Anadolu Teknik programlar\u0131na \u00f6\u011frenci se\u00e7mek amac\u0131yla ger\u00e7ekle\u015ftirilen Liselere Ge\u00e7i\u015f Sistemi (LGS) Ayd\u0131n\u2019da 17 il\u00e7ede binlerce&#8230;<\/p>\n","protected":false},"author":1,"featured_media":35220,"comment_status":"open","ping_status":"open","sticky":false,"template":"","format":"standard","meta":{"_crdt_document":"","footnotes":""},"categories":[1],"tags":[],"class_list":["post-35219","post","type-post","status-publish","format-standard","has-post-thumbnail","hentry","category-guncel"],"_links":{"self":[{"href":"https:\/\/www.egemtv.com\/index.php?rest_route=\/wp\/v2\/posts\/35219","targetHints":{"allow":["GET"]}}],"collection":[{"href":"https:\/\/www.egemtv.com\/index.php?rest_route=\/wp\/v2\/posts"}],"about":[{"href":"https:\/\/www.egemtv.com\/index.php?rest_route=\/wp\/v2\/types\/post"}],"author":[{"embeddable":true,"href":"https:\/\/www.egemtv.com\/index.php?rest_route=\/wp\/v2\/users\/1"}],"replies":[{"embeddable":true,"href":"https:\/\/www.egemtv.com\/index.php?rest_route=%2Fwp%2Fv2%2Fcomments&post=35219"}],"version-history":[{"count":1,"href":"https:\/\/www.egemtv.com\/index.php?rest_route=\/wp\/v2\/posts\/35219\/revisions"}],"predecessor-version":[{"id":35221,"href":"https:\/\/www.egemtv.com\/index.php?rest_route=\/wp\/v2\/posts\/35219\/revisions\/35221"}],"wp:featuredmedia":[{"embeddable":true,"href":"https:\/\/www.egemtv.com\/index.php?rest_route=\/wp\/v2\/media\/35220"}],"wp:attachment":[{"href":"https:\/\/www.egemtv.com\/index.php?rest_route=%2Fwp%2Fv2%2Fmedia&parent=35219"}],"wp:term":[{"taxonomy":"category","embeddable":true,"href":"https:\/\/www.egemtv.com\/index.php?rest_route=%2Fwp%2Fv2%2Fcategories&post=35219"},{"taxonomy":"post_tag","embeddable":true,"href":"https:\/\/www.egemtv.com\/index.php?rest_route=%2Fwp%2Fv2%2Ftags&post=35219"}],"curies":[{"name":"wp","href":"https:\/\/api.w.org\/{rel}","templated":true}]}}