{"id":35216,"date":"2025-06-15T10:57:04","date_gmt":"2025-06-15T07:57:04","guid":{"rendered":"https:\/\/www.egemtv.com\/?p=35216"},"modified":"2025-06-15T10:57:09","modified_gmt":"2025-06-15T07:57:09","slug":"afyonkarahisarda-lgs-6-bin-730-ogrencinin-katilimi-ile-basladi","status":"publish","type":"post","link":"https:\/\/www.egemtv.com\/?p=35216","title":{"rendered":"Afyonkarahisar\u2019da LGS 6 bin 730 \u00f6\u011frencinin kat\u0131l\u0131m\u0131 ile ba\u015flad\u0131"},"content":{"rendered":"<p>Afyonkarahisar\u2019da Liselere Giri\u015f S\u0131nav\u0131 (LGS) kente genelinde 6 bin 730 \u00f6\u011frencinin kat\u0131l\u0131m\u0131 ile ba\u015flad\u0131.<br \/>\n<br \/>S\u0131nava kent merkezinde bu y\u0131l 3 bin 582 \u00f6\u011frencinin 10 s\u0131nav merkezinde girdi\u011fi belirtildi. S\u0131nav\u0131n ilk oturumu saat 09.30\u2019da sorunsuz bir \u015fekilde ba\u015flad\u0131. G\u00fcvenlik g\u00fc\u00e7leri taraf\u0131ndan s\u0131nav\u0131n yap\u0131laca\u011f\u0131 okullar ve \u00e7evresinde g\u00fcvenlik \u00f6nlemleri al\u0131nd\u0131. S\u0131nava giren bir\u00e7ok \u00f6\u011frenci okullara aileleriyle birlikte geldi. \u00d6\u011frenciler s\u0131nav salonlar\u0131nda ter d\u00f6kerken aileleri ise okul bah\u00e7elerinde \u00e7ocuklar\u0131 i\u00e7in bol bol dua etti. Kent genelinde 6 bin 730 \u00f6\u011frencinin kat\u0131ld\u0131\u011f\u0131 s\u0131nav devam ediyor.<br \/><\/p>\n","protected":false},"excerpt":{"rendered":"<p>Afyonkarahisar\u2019da Liselere Giri\u015f S\u0131nav\u0131 (LGS) kente genelinde 6 bin 730 \u00f6\u011frencinin kat\u0131l\u0131m\u0131 ile ba\u015flad\u0131. S\u0131nava kent merkezinde bu y\u0131l 3 bin 582 \u00f6\u011frencinin 10 s\u0131nav merkezinde girdi\u011fi belirtildi. S\u0131nav\u0131n ilk oturumu saat 09.30\u2019da sorunsuz bir \u015fekilde ba\u015flad\u0131. G\u00fcvenlik g\u00fc\u00e7leri taraf\u0131ndan s\u0131nav\u0131n yap\u0131laca\u011f\u0131 okullar ve \u00e7evresinde g\u00fcvenlik \u00f6nlemleri al\u0131nd\u0131. S\u0131nava giren bir\u00e7ok \u00f6\u011frenci okullara aileleriyle birlikte&#8230;<\/p>\n","protected":false},"author":1,"featured_media":35217,"comment_status":"open","ping_status":"open","sticky":false,"template":"","format":"standard","meta":{"_crdt_document":"","footnotes":""},"categories":[1],"tags":[],"class_list":["post-35216","post","type-post","status-publish","format-standard","has-post-thumbnail","hentry","category-guncel"],"_links":{"self":[{"href":"https:\/\/www.egemtv.com\/index.php?rest_route=\/wp\/v2\/posts\/35216","targetHints":{"allow":["GET"]}}],"collection":[{"href":"https:\/\/www.egemtv.com\/index.php?rest_route=\/wp\/v2\/posts"}],"about":[{"href":"https:\/\/www.egemtv.com\/index.php?rest_route=\/wp\/v2\/types\/post"}],"author":[{"embeddable":true,"href":"https:\/\/www.egemtv.com\/index.php?rest_route=\/wp\/v2\/users\/1"}],"replies":[{"embeddable":true,"href":"https:\/\/www.egemtv.com\/index.php?rest_route=%2Fwp%2Fv2%2Fcomments&post=35216"}],"version-history":[{"count":1,"href":"https:\/\/www.egemtv.com\/index.php?rest_route=\/wp\/v2\/posts\/35216\/revisions"}],"predecessor-version":[{"id":35218,"href":"https:\/\/www.egemtv.com\/index.php?rest_route=\/wp\/v2\/posts\/35216\/revisions\/35218"}],"wp:featuredmedia":[{"embeddable":true,"href":"https:\/\/www.egemtv.com\/index.php?rest_route=\/wp\/v2\/media\/35217"}],"wp:attachment":[{"href":"https:\/\/www.egemtv.com\/index.php?rest_route=%2Fwp%2Fv2%2Fmedia&parent=35216"}],"wp:term":[{"taxonomy":"category","embeddable":true,"href":"https:\/\/www.egemtv.com\/index.php?rest_route=%2Fwp%2Fv2%2Fcategories&post=35216"},{"taxonomy":"post_tag","embeddable":true,"href":"https:\/\/www.egemtv.com\/index.php?rest_route=%2Fwp%2Fv2%2Ftags&post=35216"}],"curies":[{"name":"wp","href":"https:\/\/api.w.org\/{rel}","templated":true}]}}