{"id":35165,"date":"2025-06-14T20:54:48","date_gmt":"2025-06-14T17:54:48","guid":{"rendered":"https:\/\/www.egemtv.com\/?p=35165"},"modified":"2025-06-14T20:54:52","modified_gmt":"2025-06-14T17:54:52","slug":"focada-ormanlik-alanda-cikan-yangin-kontrol-altinda","status":"publish","type":"post","link":"https:\/\/www.egemtv.com\/?p=35165","title":{"rendered":"Fo\u00e7a\u2019da ormanl\u0131k alanda \u00e7\u0131kan yang\u0131n kontrol alt\u0131nda"},"content":{"rendered":"<p>\u0130zmir\u2019in Fo\u00e7a il\u00e7esinde ormanl\u0131k alanda \u00e7\u0131kan ve r\u00fczgar\u0131n etkisiyle b\u00fcy\u00fcyen yang\u0131n, ekiplerin m\u00fcdahalesiyle kontrol alt\u0131na al\u0131n\u0131rken, olayla ilgili 4 ki\u015fi g\u00f6zalt\u0131na al\u0131nd\u0131.<br \/>\n<br \/>Yenik\u00f6y Mahallesi\u2019nde bulunan ormanl\u0131k alanda saat 12.30 s\u0131ralar\u0131nda yang\u0131n \u00e7\u0131kt\u0131. Bir hobi bah\u00e7esi in\u015faat\u0131nda ger\u00e7ekle\u015ftirilen \u00e7al\u0131\u015fmalar esnas\u0131nda, kaynak makinas\u0131ndan \u00e7\u0131kan k\u0131v\u0131lc\u0131m\u0131n ormana s\u0131\u00e7ramas\u0131 sonucu \u00e7\u0131kan yang\u0131n\u0131 fark eden vatanda\u015flar\u0131n ihbar\u0131 \u00fczerine b\u00f6lgeye \u00e7ok say\u0131da ekip sevk edildi. \u0130zmir Orman B\u00f6lge M\u00fcd\u00fcrl\u00fc\u011f\u00fc ekipleri, r\u00fczgar\u0131n da etkisiyle b\u00fcy\u00fcyen ve geni\u015f alana yay\u0131lan yang\u0131n\u0131 s\u00f6nd\u00fcrmek i\u00e7in ekip say\u0131s\u0131na takviye yapt\u0131. Ekipler alevlere, 4 u\u00e7ak, 9 helikopter ile havadan 28 araz\u00f6z, 7 su ikmal, 5 dozer  ile de karadan m\u00fcdahale etti. Yang\u0131na \u0130zmir itfaiyesi ve \u0130zmir \u0130l Emniyet M\u00fcd\u00fcrl\u00fc\u011f\u00fc\u2019ne ba\u011fl\u0131 TOMA (Tolumsal Olaylara M\u00fcdahale Arac\u0131) ara\u00e7lar\u0131 da m\u00fcdahale etti.<br \/>\n<br \/>Yang\u0131n, ekiplerin havadan ve karadan m\u00fcdahalesi ile yakla\u015f\u0131k 8 saat sonra kontrol alt\u0131na al\u0131nd\u0131. B\u00f6lgede so\u011futma \u00e7al\u0131\u015fmalar\u0131 ba\u015flat\u0131ld\u0131.<\/p>\n<p>Evlerin bah\u00e7elerine kadar yakt\u0131<br \/>\n<br \/>Alevler, Kemal Atat\u00fcrk Mahallesi\u2019nde bulunan yazl\u0131k evlerin bah\u00e7elerini yakt\u0131. Bah\u00e7edeki a\u011fa\u00e7lar ve otlar tutu\u015furken alevler yap\u0131lara zarar vermedi. Ya\u015fad\u0131\u011f\u0131 panik anlar\u0131n\u0131 anlatan vatanda\u015flardan H\u00fcseyin \u00d6nc\u00fc, &#8220;Yang\u0131n da\u011f\u0131n di\u011fer s\u0131rt\u0131nda ba\u015flad\u0131. \u0130tfaiyeler gelip giderken bakt\u0131k dumanlar \u00e7o\u011fal\u0131yor. Bir hayli b\u00fcy\u00fckt\u00fc yang\u0131n, hayal bile edemiyorum. Yolun di\u011fer taraf\u0131na ge\u00e7ti alevler dereye vuruyordu. Haliyle baya korktuk. Ben serac\u0131l\u0131k yap\u0131yorum a\u011fa\u00e7lar vard\u0131, hepsi yand\u0131. \u0130\u015fin maddiyat\u0131nda de\u011filim ama yaz\u0131k oldu&#8221; diye konu\u015ftu.<\/p>\n<p>4 g\u00f6zalt\u0131<br \/>\n<br \/>\u00d6te yandan olayla ilgili hobi bah\u00e7esindeki 4 ki\u015fi, Fo\u00e7a \u0130l\u00e7e Jandarma Komutanl\u0131\u011f\u0131 ekipleri taraf\u0131ndan g\u00f6zalt\u0131na al\u0131nd\u0131. \u015e\u00fcphelilerin i\u015flemleri s\u00fcr\u00fcyor.<br \/><\/p>\n","protected":false},"excerpt":{"rendered":"<p>\u0130zmir\u2019in Fo\u00e7a il\u00e7esinde ormanl\u0131k alanda \u00e7\u0131kan ve r\u00fczgar\u0131n etkisiyle b\u00fcy\u00fcyen yang\u0131n, ekiplerin m\u00fcdahalesiyle kontrol alt\u0131na al\u0131n\u0131rken, olayla ilgili 4 ki\u015fi g\u00f6zalt\u0131na al\u0131nd\u0131. Yenik\u00f6y Mahallesi\u2019nde bulunan ormanl\u0131k alanda saat 12.30 s\u0131ralar\u0131nda yang\u0131n \u00e7\u0131kt\u0131. Bir hobi bah\u00e7esi in\u015faat\u0131nda ger\u00e7ekle\u015ftirilen \u00e7al\u0131\u015fmalar esnas\u0131nda, kaynak makinas\u0131ndan \u00e7\u0131kan k\u0131v\u0131lc\u0131m\u0131n ormana s\u0131\u00e7ramas\u0131 sonucu \u00e7\u0131kan yang\u0131n\u0131 fark eden vatanda\u015flar\u0131n ihbar\u0131 \u00fczerine b\u00f6lgeye \u00e7ok&#8230;<\/p>\n","protected":false},"author":1,"featured_media":35166,"comment_status":"open","ping_status":"open","sticky":false,"template":"","format":"standard","meta":{"_crdt_document":"","footnotes":""},"categories":[5],"tags":[],"class_list":["post-35165","post","type-post","status-publish","format-standard","has-post-thumbnail","hentry","category-asayis"],"_links":{"self":[{"href":"https:\/\/www.egemtv.com\/index.php?rest_route=\/wp\/v2\/posts\/35165","targetHints":{"allow":["GET"]}}],"collection":[{"href":"https:\/\/www.egemtv.com\/index.php?rest_route=\/wp\/v2\/posts"}],"about":[{"href":"https:\/\/www.egemtv.com\/index.php?rest_route=\/wp\/v2\/types\/post"}],"author":[{"embeddable":true,"href":"https:\/\/www.egemtv.com\/index.php?rest_route=\/wp\/v2\/users\/1"}],"replies":[{"embeddable":true,"href":"https:\/\/www.egemtv.com\/index.php?rest_route=%2Fwp%2Fv2%2Fcomments&post=35165"}],"version-history":[{"count":1,"href":"https:\/\/www.egemtv.com\/index.php?rest_route=\/wp\/v2\/posts\/35165\/revisions"}],"predecessor-version":[{"id":35167,"href":"https:\/\/www.egemtv.com\/index.php?rest_route=\/wp\/v2\/posts\/35165\/revisions\/35167"}],"wp:featuredmedia":[{"embeddable":true,"href":"https:\/\/www.egemtv.com\/index.php?rest_route=\/wp\/v2\/media\/35166"}],"wp:attachment":[{"href":"https:\/\/www.egemtv.com\/index.php?rest_route=%2Fwp%2Fv2%2Fmedia&parent=35165"}],"wp:term":[{"taxonomy":"category","embeddable":true,"href":"https:\/\/www.egemtv.com\/index.php?rest_route=%2Fwp%2Fv2%2Fcategories&post=35165"},{"taxonomy":"post_tag","embeddable":true,"href":"https:\/\/www.egemtv.com\/index.php?rest_route=%2Fwp%2Fv2%2Ftags&post=35165"}],"curies":[{"name":"wp","href":"https:\/\/api.w.org\/{rel}","templated":true}]}}