{"id":35162,"date":"2025-06-14T19:56:23","date_gmt":"2025-06-14T16:56:23","guid":{"rendered":"https:\/\/www.egemtv.com\/?p=35162"},"modified":"2025-06-14T19:56:27","modified_gmt":"2025-06-14T16:56:27","slug":"yoldan-cikan-otomobil-agaca-carpti-1-yarali","status":"publish","type":"post","link":"https:\/\/www.egemtv.com\/?p=35162","title":{"rendered":"Yoldan \u00e7\u0131kan otomobil a\u011faca \u00e7arpt\u0131: 1 yaral\u0131"},"content":{"rendered":"<p>Ayd\u0131n\u2019\u0131n Nazilli il\u00e7esinde s\u00fcr\u00fcc\u00fcs\u00fcn\u00fcn direksiyon hakimiyetini kaybetti\u011fi otomobil a\u011faca \u00e7arpt\u0131, kazada s\u00fcr\u00fcc\u00fc yaraland\u0131.<br \/>\n<br \/>Kaza, \u00c7obanhisa Mahallesi\u2019nde meydana geldi. Edinilen bilgiye g\u00f6re, \u00d6.Y. idaresindeki 09 AGR 928 plakal\u0131 otomobil, s\u00fcr\u00fcc\u00fcs\u00fcn\u00fcn hen\u00fcz bilinmeyen bir nedenle direksiyon hakimiyetini kaybetmesi sonucu yoldan \u00e7\u0131kt\u0131. Yol kenar\u0131ndaki a\u011faca \u00e7arparak duran otomobilin s\u00fcr\u00fcc\u00fcs\u00fc ara\u00e7 i\u00e7erisinde s\u0131k\u0131\u015farak yaraland\u0131. Kazay\u0131 g\u00f6renler durumu 112 Acil \u00c7a\u011fr\u0131 Merkezi\u2019ne bildirdi. \u0130hbar \u00fczerine b\u00f6lgeye sa\u011fl\u0131k, itfaiye ve jandarma ekipleri sevk edildi. K\u0131sa s\u00fcrede olay yerine gelen Ayd\u0131n B\u00fcy\u00fck\u015fehir Belediyesi \u0130tfaiye Daire Ba\u015fkanl\u0131\u011f\u0131 ekipleri yaral\u0131 s\u00fcr\u00fcc\u00fcy\u00fc s\u0131k\u0131\u015ft\u0131\u011f\u0131 ara\u00e7 i\u00e7erisinden \u00e7\u0131kartarak sa\u011fl\u0131k ekiplerine teslim etti. Sa\u011fl\u0131k ekipleri taraf\u0131ndan da ilk m\u00fcdahalesi yap\u0131lan \u00d6.Y. ambulansla hastaneye kald\u0131r\u0131larak tedavi alt\u0131na al\u0131nd\u0131.<br \/>\n<br \/>Kazayla ilgili soru\u015fturma s\u00fcr\u00fcyor.<br \/><\/p>\n","protected":false},"excerpt":{"rendered":"<p>Ayd\u0131n\u2019\u0131n Nazilli il\u00e7esinde s\u00fcr\u00fcc\u00fcs\u00fcn\u00fcn direksiyon hakimiyetini kaybetti\u011fi otomobil a\u011faca \u00e7arpt\u0131, kazada s\u00fcr\u00fcc\u00fc yaraland\u0131. Kaza, \u00c7obanhisa Mahallesi\u2019nde meydana geldi. Edinilen bilgiye g\u00f6re, \u00d6.Y. idaresindeki 09 AGR 928 plakal\u0131 otomobil, s\u00fcr\u00fcc\u00fcs\u00fcn\u00fcn hen\u00fcz bilinmeyen bir nedenle direksiyon hakimiyetini kaybetmesi sonucu yoldan \u00e7\u0131kt\u0131. Yol kenar\u0131ndaki a\u011faca \u00e7arparak duran otomobilin s\u00fcr\u00fcc\u00fcs\u00fc ara\u00e7 i\u00e7erisinde s\u0131k\u0131\u015farak yaraland\u0131. Kazay\u0131 g\u00f6renler durumu 112 Acil&#8230;<\/p>\n","protected":false},"author":1,"featured_media":35163,"comment_status":"open","ping_status":"open","sticky":false,"template":"","format":"standard","meta":{"_crdt_document":"","footnotes":""},"categories":[5],"tags":[],"class_list":["post-35162","post","type-post","status-publish","format-standard","has-post-thumbnail","hentry","category-asayis"],"_links":{"self":[{"href":"https:\/\/www.egemtv.com\/index.php?rest_route=\/wp\/v2\/posts\/35162","targetHints":{"allow":["GET"]}}],"collection":[{"href":"https:\/\/www.egemtv.com\/index.php?rest_route=\/wp\/v2\/posts"}],"about":[{"href":"https:\/\/www.egemtv.com\/index.php?rest_route=\/wp\/v2\/types\/post"}],"author":[{"embeddable":true,"href":"https:\/\/www.egemtv.com\/index.php?rest_route=\/wp\/v2\/users\/1"}],"replies":[{"embeddable":true,"href":"https:\/\/www.egemtv.com\/index.php?rest_route=%2Fwp%2Fv2%2Fcomments&post=35162"}],"version-history":[{"count":1,"href":"https:\/\/www.egemtv.com\/index.php?rest_route=\/wp\/v2\/posts\/35162\/revisions"}],"predecessor-version":[{"id":35164,"href":"https:\/\/www.egemtv.com\/index.php?rest_route=\/wp\/v2\/posts\/35162\/revisions\/35164"}],"wp:featuredmedia":[{"embeddable":true,"href":"https:\/\/www.egemtv.com\/index.php?rest_route=\/wp\/v2\/media\/35163"}],"wp:attachment":[{"href":"https:\/\/www.egemtv.com\/index.php?rest_route=%2Fwp%2Fv2%2Fmedia&parent=35162"}],"wp:term":[{"taxonomy":"category","embeddable":true,"href":"https:\/\/www.egemtv.com\/index.php?rest_route=%2Fwp%2Fv2%2Fcategories&post=35162"},{"taxonomy":"post_tag","embeddable":true,"href":"https:\/\/www.egemtv.com\/index.php?rest_route=%2Fwp%2Fv2%2Ftags&post=35162"}],"curies":[{"name":"wp","href":"https:\/\/api.w.org\/{rel}","templated":true}]}}