{"id":35159,"date":"2025-06-14T19:56:19","date_gmt":"2025-06-14T16:56:19","guid":{"rendered":"https:\/\/www.egemtv.com\/?p=35159"},"modified":"2025-06-14T19:56:23","modified_gmt":"2025-06-14T16:56:23","slug":"marmariste-14-eglence-mekani-kapatildi","status":"publish","type":"post","link":"https:\/\/www.egemtv.com\/?p=35159","title":{"rendered":"Marmaris\u2019te 14 e\u011flence mekan\u0131 kapat\u0131ld\u0131"},"content":{"rendered":"<p>Mu\u011fla\u2019n\u0131n Marmaris il\u00e7esinde y\u00fczlerce e\u011flence mekan\u0131 denetimden ge\u00e7irildi. Kurallara uymad\u0131\u011f\u0131 belirlenen 14 i\u015fletme kapat\u0131ld\u0131, denetimlerin s\u00fcrece\u011fi bildirildi.<br \/>\n<br \/>Marmaris Kaymakaml\u0131\u011f\u0131\u2019n\u0131n talimat\u0131yla \u0130l\u00e7e Emniyet M\u00fcd\u00fcrl\u00fc\u011f\u00fc\u2019ne ba\u011fl\u0131 asayi\u015f ve devriye ekipleri taraf\u0131ndan \u0130\u00e7meler, Uzunyal\u0131 ve Armutalan b\u00f6lgelerinde ger\u00e7ekle\u015ftirilen denetimlerde, \u015fu ana kadar y\u00fczlerce i\u015fletme kontrol edildi. D\u00fcnyan\u0131n ve T\u00fcrkiye\u2019nin g\u00f6zde turizm kentlerinden olanMarmaris il\u00e7esinde e\u011flence mekanlar\u0131na y\u00f6nelik yap\u0131lan kapsaml\u0131 denetimlerde kurallara uymad\u0131\u011f\u0131 belirlenen 14 i\u015fletme hakk\u0131nda kapatma karar\u0131 verildi. \u0130\u015fletmelerden ikisi s\u00fcresiz olarak kapat\u0131l\u0131rken, 12\u2019sine ge\u00e7ici s\u00fcreyle m\u00fch\u00fcrleme cezas\u0131 uyguland\u0131.<br \/>\n<br \/>Baz\u0131 mekanlarda yerli-yabanc\u0131 turistlerin rahats\u0131z edici \u015fekilde i\u015fletmelere \u00e7ekilmeye \u00e7al\u0131\u015f\u0131ld\u0131\u011f\u0131 y\u00f6n\u00fcnde gelen \u015fikayetler \u00fczerine i\u015flem ba\u015flat\u0131ld\u0131. Denetimlerin ard\u0131ndan iki i\u015fletme belge eksikli\u011fi gerek\u00e7esiyle s\u00fcresiz olarak kapat\u0131ld\u0131. 9 i\u015fletmeye de rahats\u0131z edici \u015fekilde hanut, ve me\u015fale ve yan\u0131c\u0131 madde \u015fovlar\u0131 sebeplerinden 7 g\u00fcn, 3 i\u015fletmeye ise ayn\u0131 sebeplerden 3 g\u00fcn s\u00fcreyle kapatma cezas\u0131 verildi.<br \/>\n<br \/>Emniyet ekiplerinin tuttu\u011fu tutanaklar\u0131n ard\u0131ndan Marmaris Belediyesi zab\u0131ta ekipleri kapatma kararlar\u0131n\u0131 uygulayarak i\u015fletmeleri m\u00fch\u00fcrledi. Baz\u0131 mekanlar, ge\u00e7ici kapan\u0131\u015flar\u0131n\u0131 sosyal medya hesaplar\u0131 \u00fczerinden duyurdu.<br \/>\n<br \/>Marmaris Kaymakaml\u0131\u011f\u0131 ve \u0130l\u00e7e Emniyet M\u00fcd\u00fcrl\u00fc\u011f\u00fc yetkilileri, denetimlerin artarak s\u00fcrece\u011fini vurgulayarak, i\u015fletmelerin yasalara ve kamu d\u00fczenine uygun \u015fekilde faaliyet g\u00f6stermeleri gerekti\u011fini hat\u0131rlatt\u0131.<br \/><\/p>\n","protected":false},"excerpt":{"rendered":"<p>Mu\u011fla\u2019n\u0131n Marmaris il\u00e7esinde y\u00fczlerce e\u011flence mekan\u0131 denetimden ge\u00e7irildi. Kurallara uymad\u0131\u011f\u0131 belirlenen 14 i\u015fletme kapat\u0131ld\u0131, denetimlerin s\u00fcrece\u011fi bildirildi. Marmaris Kaymakaml\u0131\u011f\u0131\u2019n\u0131n talimat\u0131yla \u0130l\u00e7e Emniyet M\u00fcd\u00fcrl\u00fc\u011f\u00fc\u2019ne ba\u011fl\u0131 asayi\u015f ve devriye ekipleri taraf\u0131ndan \u0130\u00e7meler, Uzunyal\u0131 ve Armutalan b\u00f6lgelerinde ger\u00e7ekle\u015ftirilen denetimlerde, \u015fu ana kadar y\u00fczlerce i\u015fletme kontrol edildi. D\u00fcnyan\u0131n ve T\u00fcrkiye\u2019nin g\u00f6zde turizm kentlerinden olanMarmaris il\u00e7esinde e\u011flence mekanlar\u0131na y\u00f6nelik yap\u0131lan&#8230;<\/p>\n","protected":false},"author":1,"featured_media":35160,"comment_status":"open","ping_status":"open","sticky":false,"template":"","format":"standard","meta":{"_crdt_document":"","footnotes":""},"categories":[5],"tags":[],"class_list":["post-35159","post","type-post","status-publish","format-standard","has-post-thumbnail","hentry","category-asayis"],"_links":{"self":[{"href":"https:\/\/www.egemtv.com\/index.php?rest_route=\/wp\/v2\/posts\/35159","targetHints":{"allow":["GET"]}}],"collection":[{"href":"https:\/\/www.egemtv.com\/index.php?rest_route=\/wp\/v2\/posts"}],"about":[{"href":"https:\/\/www.egemtv.com\/index.php?rest_route=\/wp\/v2\/types\/post"}],"author":[{"embeddable":true,"href":"https:\/\/www.egemtv.com\/index.php?rest_route=\/wp\/v2\/users\/1"}],"replies":[{"embeddable":true,"href":"https:\/\/www.egemtv.com\/index.php?rest_route=%2Fwp%2Fv2%2Fcomments&post=35159"}],"version-history":[{"count":1,"href":"https:\/\/www.egemtv.com\/index.php?rest_route=\/wp\/v2\/posts\/35159\/revisions"}],"predecessor-version":[{"id":35161,"href":"https:\/\/www.egemtv.com\/index.php?rest_route=\/wp\/v2\/posts\/35159\/revisions\/35161"}],"wp:featuredmedia":[{"embeddable":true,"href":"https:\/\/www.egemtv.com\/index.php?rest_route=\/wp\/v2\/media\/35160"}],"wp:attachment":[{"href":"https:\/\/www.egemtv.com\/index.php?rest_route=%2Fwp%2Fv2%2Fmedia&parent=35159"}],"wp:term":[{"taxonomy":"category","embeddable":true,"href":"https:\/\/www.egemtv.com\/index.php?rest_route=%2Fwp%2Fv2%2Fcategories&post=35159"},{"taxonomy":"post_tag","embeddable":true,"href":"https:\/\/www.egemtv.com\/index.php?rest_route=%2Fwp%2Fv2%2Ftags&post=35159"}],"curies":[{"name":"wp","href":"https:\/\/api.w.org\/{rel}","templated":true}]}}