{"id":35156,"date":"2025-06-14T19:35:50","date_gmt":"2025-06-14T16:35:50","guid":{"rendered":"https:\/\/www.egemtv.com\/?p=35156"},"modified":"2025-06-14T19:35:58","modified_gmt":"2025-06-14T16:35:58","slug":"selendide-traktor-devrildi-1-olu","status":"publish","type":"post","link":"https:\/\/www.egemtv.com\/?p=35156","title":{"rendered":"Selendi\u2019de trakt\u00f6r devrildi: 1 \u00f6l\u00fc"},"content":{"rendered":"<p>Manisa\u2019n\u0131n Selendi il\u00e7esinde trakt\u00f6r\u00fcn devrilmesi sonucu meydana gelen kazada 16 ya\u015f\u0131ndaki \u00e7ocuk hayat\u0131n\u0131 kaybetti.<br \/>\n<br \/>Edinilen bilgiye g\u00f6re, Fatih Mahallesi\u2019nde trakt\u00f6r ile evlerinin yak\u0131n\u0131nda ilerleyen Selendi \u0130mam hatip lisesi 9 s\u0131n\u0131f \u00f6\u011frencisi 16 ya\u015f\u0131ndaki Yusuf A., bir anda direksiyon hakimiyetini kaybetti. Trakt\u00f6r\u00fcn devrildi\u011fi kazada Yusuf A. a\u011f\u0131r yaraland\u0131. Yusuf A., olay yerine gelen amsulansla Selendi Devlet Hastanesine kald\u0131r\u0131ld\u0131. Burada yap\u0131lan ilk m\u00fcdahalenin ard\u0131ndan Salihli Devlet Hastanesine sevk edilen Yusuf A. doktorlar\u0131n t\u00fcm m\u00fcdahalelerine ra\u011fmen hayat\u0131n\u0131 kaybetti.<br \/>\n<br \/>Kazayla ilgili soru\u015fturma ba\u015flat\u0131ld\u0131.<br \/><\/p>\n","protected":false},"excerpt":{"rendered":"<p>Manisa\u2019n\u0131n Selendi il\u00e7esinde trakt\u00f6r\u00fcn devrilmesi sonucu meydana gelen kazada 16 ya\u015f\u0131ndaki \u00e7ocuk hayat\u0131n\u0131 kaybetti. Edinilen bilgiye g\u00f6re, Fatih Mahallesi\u2019nde trakt\u00f6r ile evlerinin yak\u0131n\u0131nda ilerleyen Selendi \u0130mam hatip lisesi 9 s\u0131n\u0131f \u00f6\u011frencisi 16 ya\u015f\u0131ndaki Yusuf A., bir anda direksiyon hakimiyetini kaybetti. Trakt\u00f6r\u00fcn devrildi\u011fi kazada Yusuf A. a\u011f\u0131r yaraland\u0131. Yusuf A., olay yerine gelen amsulansla Selendi Devlet&#8230;<\/p>\n","protected":false},"author":1,"featured_media":35157,"comment_status":"open","ping_status":"open","sticky":false,"template":"","format":"standard","meta":{"_crdt_document":"","footnotes":""},"categories":[5],"tags":[],"class_list":["post-35156","post","type-post","status-publish","format-standard","has-post-thumbnail","hentry","category-asayis"],"_links":{"self":[{"href":"https:\/\/www.egemtv.com\/index.php?rest_route=\/wp\/v2\/posts\/35156","targetHints":{"allow":["GET"]}}],"collection":[{"href":"https:\/\/www.egemtv.com\/index.php?rest_route=\/wp\/v2\/posts"}],"about":[{"href":"https:\/\/www.egemtv.com\/index.php?rest_route=\/wp\/v2\/types\/post"}],"author":[{"embeddable":true,"href":"https:\/\/www.egemtv.com\/index.php?rest_route=\/wp\/v2\/users\/1"}],"replies":[{"embeddable":true,"href":"https:\/\/www.egemtv.com\/index.php?rest_route=%2Fwp%2Fv2%2Fcomments&post=35156"}],"version-history":[{"count":1,"href":"https:\/\/www.egemtv.com\/index.php?rest_route=\/wp\/v2\/posts\/35156\/revisions"}],"predecessor-version":[{"id":35158,"href":"https:\/\/www.egemtv.com\/index.php?rest_route=\/wp\/v2\/posts\/35156\/revisions\/35158"}],"wp:featuredmedia":[{"embeddable":true,"href":"https:\/\/www.egemtv.com\/index.php?rest_route=\/wp\/v2\/media\/35157"}],"wp:attachment":[{"href":"https:\/\/www.egemtv.com\/index.php?rest_route=%2Fwp%2Fv2%2Fmedia&parent=35156"}],"wp:term":[{"taxonomy":"category","embeddable":true,"href":"https:\/\/www.egemtv.com\/index.php?rest_route=%2Fwp%2Fv2%2Fcategories&post=35156"},{"taxonomy":"post_tag","embeddable":true,"href":"https:\/\/www.egemtv.com\/index.php?rest_route=%2Fwp%2Fv2%2Ftags&post=35156"}],"curies":[{"name":"wp","href":"https:\/\/api.w.org\/{rel}","templated":true}]}}