{"id":35153,"date":"2025-06-14T19:15:06","date_gmt":"2025-06-14T16:15:06","guid":{"rendered":"https:\/\/www.egemtv.com\/?p=35153"},"modified":"2025-06-14T19:15:10","modified_gmt":"2025-06-14T16:15:10","slug":"yunanistanin-geri-ittigi-21-duzensiz-gocmen-kurtarildi","status":"publish","type":"post","link":"https:\/\/www.egemtv.com\/?p=35153","title":{"rendered":"Yunanistan\u2019\u0131n geri itti\u011fi 21 d\u00fczensiz g\u00f6\u00e7men kurtar\u0131ld\u0131"},"content":{"rendered":"<p>Mu\u011fla\u2019n\u0131n Dat\u00e7a il\u00e7esinde Yunanistan sahil g\u00fcvenlik unsurlar\u0131 taraf\u0131ndan lastik botlar i\u00e7inde T\u00fcrk karasular\u0131na geri itilen 21 d\u00fczensiz g\u00f6\u00e7men kurtar\u0131ld\u0131.<br \/>\n<br \/>Dat\u00e7a il\u00e7esi a\u00e7\u0131klar\u0131nda lastik bot i\u00e7erisinde bir grup d\u00fczensiz g\u00f6\u00e7men oldu\u011fu bilgisinin al\u0131nmas\u0131 \u00fczerine g\u00f6revlendirilen Sahil G\u00fcvenlik Botu taraf\u0131ndan Yunanistan sahil g\u00fcvenlik unsurlar\u0131nca T\u00fcrk karasular\u0131na geri itilen lastik bot i\u00e7erisindeki 21 d\u00fczensiz g\u00f6\u00e7men kurtar\u0131ld\u0131.<br \/><\/p>\n","protected":false},"excerpt":{"rendered":"<p>Mu\u011fla\u2019n\u0131n Dat\u00e7a il\u00e7esinde Yunanistan sahil g\u00fcvenlik unsurlar\u0131 taraf\u0131ndan lastik botlar i\u00e7inde T\u00fcrk karasular\u0131na geri itilen 21 d\u00fczensiz g\u00f6\u00e7men kurtar\u0131ld\u0131. Dat\u00e7a il\u00e7esi a\u00e7\u0131klar\u0131nda lastik bot i\u00e7erisinde bir grup d\u00fczensiz g\u00f6\u00e7men oldu\u011fu bilgisinin al\u0131nmas\u0131 \u00fczerine g\u00f6revlendirilen Sahil G\u00fcvenlik Botu taraf\u0131ndan Yunanistan sahil g\u00fcvenlik unsurlar\u0131nca T\u00fcrk karasular\u0131na geri itilen lastik bot i\u00e7erisindeki 21 d\u00fczensiz g\u00f6\u00e7men kurtar\u0131ld\u0131.<\/p>\n","protected":false},"author":1,"featured_media":35154,"comment_status":"open","ping_status":"open","sticky":false,"template":"","format":"standard","meta":{"_crdt_document":"","footnotes":""},"categories":[5],"tags":[],"class_list":["post-35153","post","type-post","status-publish","format-standard","has-post-thumbnail","hentry","category-asayis"],"_links":{"self":[{"href":"https:\/\/www.egemtv.com\/index.php?rest_route=\/wp\/v2\/posts\/35153","targetHints":{"allow":["GET"]}}],"collection":[{"href":"https:\/\/www.egemtv.com\/index.php?rest_route=\/wp\/v2\/posts"}],"about":[{"href":"https:\/\/www.egemtv.com\/index.php?rest_route=\/wp\/v2\/types\/post"}],"author":[{"embeddable":true,"href":"https:\/\/www.egemtv.com\/index.php?rest_route=\/wp\/v2\/users\/1"}],"replies":[{"embeddable":true,"href":"https:\/\/www.egemtv.com\/index.php?rest_route=%2Fwp%2Fv2%2Fcomments&post=35153"}],"version-history":[{"count":1,"href":"https:\/\/www.egemtv.com\/index.php?rest_route=\/wp\/v2\/posts\/35153\/revisions"}],"predecessor-version":[{"id":35155,"href":"https:\/\/www.egemtv.com\/index.php?rest_route=\/wp\/v2\/posts\/35153\/revisions\/35155"}],"wp:featuredmedia":[{"embeddable":true,"href":"https:\/\/www.egemtv.com\/index.php?rest_route=\/wp\/v2\/media\/35154"}],"wp:attachment":[{"href":"https:\/\/www.egemtv.com\/index.php?rest_route=%2Fwp%2Fv2%2Fmedia&parent=35153"}],"wp:term":[{"taxonomy":"category","embeddable":true,"href":"https:\/\/www.egemtv.com\/index.php?rest_route=%2Fwp%2Fv2%2Fcategories&post=35153"},{"taxonomy":"post_tag","embeddable":true,"href":"https:\/\/www.egemtv.com\/index.php?rest_route=%2Fwp%2Fv2%2Ftags&post=35153"}],"curies":[{"name":"wp","href":"https:\/\/api.w.org\/{rel}","templated":true}]}}