{"id":35150,"date":"2025-06-14T19:14:58","date_gmt":"2025-06-14T16:14:58","guid":{"rendered":"https:\/\/www.egemtv.com\/?p=35150"},"modified":"2025-06-14T19:15:06","modified_gmt":"2025-06-14T16:15:06","slug":"oludeniz-aciklarinda-arizalanan-tekne-kurtarildi","status":"publish","type":"post","link":"https:\/\/www.egemtv.com\/?p=35150","title":{"rendered":"\u00d6l\u00fcdeniz a\u00e7\u0131klar\u0131nda ar\u0131zalanan tekne kurtar\u0131ld\u0131"},"content":{"rendered":"<p>Mu\u011fla\u2019n\u0131n Fethiye il\u00e7esi \u00d6l\u00fcdeniz a\u00e7\u0131klar\u0131nda makine ar\u0131zas\u0131 nedeniyle s\u00fcr\u00fcklenen ve i\u00e7inde 2 ki\u015fi bulunan tekne K\u0131y\u0131 Emniyet Genel M\u00fcd\u00fcrl\u00fc\u011f\u00fc ekipleri taraf\u0131ndan kurtar\u0131ld\u0131.<br \/>\n<br \/>Fethiye \u00d6l\u00fcdeniz a\u00e7\u0131klar\u0131nda makine ar\u0131zas\u0131 nedeniyle s\u00fcr\u00fcklenen ve i\u00e7erisinde 2 ki\u015fi bulunan 20 metre boyundaki tekne, KIYEM-5 h\u0131zl\u0131 tahlisiye (can kurtarma) botumuzca yedeklenerek Karag\u00f6zler\u2019e emniyetle yana\u015ft\u0131r\u0131ld\u0131.<br \/><\/p>\n","protected":false},"excerpt":{"rendered":"<p>Mu\u011fla\u2019n\u0131n Fethiye il\u00e7esi \u00d6l\u00fcdeniz a\u00e7\u0131klar\u0131nda makine ar\u0131zas\u0131 nedeniyle s\u00fcr\u00fcklenen ve i\u00e7inde 2 ki\u015fi bulunan tekne K\u0131y\u0131 Emniyet Genel M\u00fcd\u00fcrl\u00fc\u011f\u00fc ekipleri taraf\u0131ndan kurtar\u0131ld\u0131. Fethiye \u00d6l\u00fcdeniz a\u00e7\u0131klar\u0131nda makine ar\u0131zas\u0131 nedeniyle s\u00fcr\u00fcklenen ve i\u00e7erisinde 2 ki\u015fi bulunan 20 metre boyundaki tekne, KIYEM-5 h\u0131zl\u0131 tahlisiye (can kurtarma) botumuzca yedeklenerek Karag\u00f6zler\u2019e emniyetle yana\u015ft\u0131r\u0131ld\u0131.<\/p>\n","protected":false},"author":1,"featured_media":35151,"comment_status":"open","ping_status":"open","sticky":false,"template":"","format":"standard","meta":{"_crdt_document":"","footnotes":""},"categories":[5],"tags":[],"class_list":["post-35150","post","type-post","status-publish","format-standard","has-post-thumbnail","hentry","category-asayis"],"_links":{"self":[{"href":"https:\/\/www.egemtv.com\/index.php?rest_route=\/wp\/v2\/posts\/35150","targetHints":{"allow":["GET"]}}],"collection":[{"href":"https:\/\/www.egemtv.com\/index.php?rest_route=\/wp\/v2\/posts"}],"about":[{"href":"https:\/\/www.egemtv.com\/index.php?rest_route=\/wp\/v2\/types\/post"}],"author":[{"embeddable":true,"href":"https:\/\/www.egemtv.com\/index.php?rest_route=\/wp\/v2\/users\/1"}],"replies":[{"embeddable":true,"href":"https:\/\/www.egemtv.com\/index.php?rest_route=%2Fwp%2Fv2%2Fcomments&post=35150"}],"version-history":[{"count":1,"href":"https:\/\/www.egemtv.com\/index.php?rest_route=\/wp\/v2\/posts\/35150\/revisions"}],"predecessor-version":[{"id":35152,"href":"https:\/\/www.egemtv.com\/index.php?rest_route=\/wp\/v2\/posts\/35150\/revisions\/35152"}],"wp:featuredmedia":[{"embeddable":true,"href":"https:\/\/www.egemtv.com\/index.php?rest_route=\/wp\/v2\/media\/35151"}],"wp:attachment":[{"href":"https:\/\/www.egemtv.com\/index.php?rest_route=%2Fwp%2Fv2%2Fmedia&parent=35150"}],"wp:term":[{"taxonomy":"category","embeddable":true,"href":"https:\/\/www.egemtv.com\/index.php?rest_route=%2Fwp%2Fv2%2Fcategories&post=35150"},{"taxonomy":"post_tag","embeddable":true,"href":"https:\/\/www.egemtv.com\/index.php?rest_route=%2Fwp%2Fv2%2Ftags&post=35150"}],"curies":[{"name":"wp","href":"https:\/\/api.w.org\/{rel}","templated":true}]}}