{"id":35147,"date":"2025-06-14T18:35:41","date_gmt":"2025-06-14T15:35:41","guid":{"rendered":"https:\/\/www.egemtv.com\/?p=35147"},"modified":"2025-06-14T18:35:47","modified_gmt":"2025-06-14T15:35:47","slug":"altinkayadan-kongre-oncesi-aciklama-guclu-bir-aday-karsisinda-asla-aday-olmam","status":"publish","type":"post","link":"https:\/\/www.egemtv.com\/?p=35147","title":{"rendered":"Alt\u0131nkaya\u2019dan kongre \u00f6ncesi a\u00e7\u0131klama: &#8220;G\u00fc\u00e7l\u00fc bir aday kar\u015f\u0131s\u0131nda asla aday olmam&#8221;"},"content":{"rendered":"<p>Belediye K\u00fctahyaspor Kul\u00fcb\u00fc Ba\u015fkan\u0131 Osman Alt\u0131nkaya, sosyal medyada yer alan baz\u0131 s\u00f6ylemler \u00fczerine kamuoyuna a\u00e7\u0131klamada bulundu. Alt\u0131nkaya, daha \u00f6nceki a\u00e7\u0131klamalar\u0131n\u0131 yineleyerek, g\u00fc\u00e7l\u00fc bir y\u00f6netim \u00e7\u0131kmas\u0131 halinde aday olmayaca\u011f\u0131n\u0131 bir kez daha net ifadelerle dile getirdi.<br \/>\n<br \/>Alt\u0131nkaya, yapt\u0131\u011f\u0131 yaz\u0131l\u0131 a\u00e7\u0131klamada, &#8220;T\u00fcm uyar\u0131 ve a\u00e7\u0131klamalar\u0131m\u0131za ra\u011fmen sosyal medyada yer alan baz\u0131 s\u00f6ylemleri \u015fa\u015fk\u0131nl\u0131kla takip ediyorum. Bu sebeple kongre \u00f6ncesinde bir kez daha net bir \u015fekilde ifade etmek istiyorum ki; g\u00fc\u00e7l\u00fc bir aday \u00e7\u0131kmas\u0131 halinde kesinlikle aday olmayaca\u011f\u0131m&#8221; ifadelerine yer verdi.<br \/>\n<br \/>Kendisine herhangi bir g\u00f6r\u00fc\u015fme talebi gelmedi\u011fini vurgulayan Alt\u0131nkaya, &#8220;Bug\u00fcne kadar kul\u00fcb\u00fcm\u00fcze ba\u015fkan aday\u0131 olan Say\u0131n H\u00fcseyin Bey\u2019den ya da ekip arkada\u015flar\u0131ndan \u015fahs\u0131ma veya y\u00f6netim kurulumuza y\u00f6nelik herhangi bir g\u00f6r\u00fc\u015fme talebi gelmemi\u015ftir. Oysa ki \u015fehir halk\u0131 olarak hepimizin, bu g\u00f6reve talip olan ki\u015filerin kul\u00fcb\u00fcm\u00fczle ilgili planlar\u0131n\u0131, b\u00fct\u00e7esini ve hedeflerini bilmeye hakk\u0131 vard\u0131r&#8221; dedi.<br \/>\n<br \/>Verdi\u011fi s\u00f6zlerin arkas\u0131nda durdu\u011funun alt\u0131n\u0131 \u00e7izen Alt\u0131nkaya, &#8220;Ben, her zaman verdi\u011fi s\u00f6zleri tutmu\u015f biri olarak bir kez daha yineliyorum: G\u00fc\u00e7l\u00fc bir y\u00f6netimin kar\u015f\u0131s\u0131nda asla aday olmayaca\u011f\u0131m&#8221; diyerek a\u00e7\u0131klamas\u0131n\u0131 sonland\u0131rd\u0131.<br \/><\/p>\n","protected":false},"excerpt":{"rendered":"<p>Belediye K\u00fctahyaspor Kul\u00fcb\u00fc Ba\u015fkan\u0131 Osman Alt\u0131nkaya, sosyal medyada yer alan baz\u0131 s\u00f6ylemler \u00fczerine kamuoyuna a\u00e7\u0131klamada bulundu. Alt\u0131nkaya, daha \u00f6nceki a\u00e7\u0131klamalar\u0131n\u0131 yineleyerek, g\u00fc\u00e7l\u00fc bir y\u00f6netim \u00e7\u0131kmas\u0131 halinde aday olmayaca\u011f\u0131n\u0131 bir kez daha net ifadelerle dile getirdi. Alt\u0131nkaya, yapt\u0131\u011f\u0131 yaz\u0131l\u0131 a\u00e7\u0131klamada, &#8220;T\u00fcm uyar\u0131 ve a\u00e7\u0131klamalar\u0131m\u0131za ra\u011fmen sosyal medyada yer alan baz\u0131 s\u00f6ylemleri \u015fa\u015fk\u0131nl\u0131kla takip ediyorum. Bu sebeple&#8230;<\/p>\n","protected":false},"author":1,"featured_media":35148,"comment_status":"open","ping_status":"open","sticky":false,"template":"","format":"standard","meta":{"_crdt_document":"","footnotes":""},"categories":[4],"tags":[],"class_list":["post-35147","post","type-post","status-publish","format-standard","has-post-thumbnail","hentry","category-spor"],"_links":{"self":[{"href":"https:\/\/www.egemtv.com\/index.php?rest_route=\/wp\/v2\/posts\/35147","targetHints":{"allow":["GET"]}}],"collection":[{"href":"https:\/\/www.egemtv.com\/index.php?rest_route=\/wp\/v2\/posts"}],"about":[{"href":"https:\/\/www.egemtv.com\/index.php?rest_route=\/wp\/v2\/types\/post"}],"author":[{"embeddable":true,"href":"https:\/\/www.egemtv.com\/index.php?rest_route=\/wp\/v2\/users\/1"}],"replies":[{"embeddable":true,"href":"https:\/\/www.egemtv.com\/index.php?rest_route=%2Fwp%2Fv2%2Fcomments&post=35147"}],"version-history":[{"count":1,"href":"https:\/\/www.egemtv.com\/index.php?rest_route=\/wp\/v2\/posts\/35147\/revisions"}],"predecessor-version":[{"id":35149,"href":"https:\/\/www.egemtv.com\/index.php?rest_route=\/wp\/v2\/posts\/35147\/revisions\/35149"}],"wp:featuredmedia":[{"embeddable":true,"href":"https:\/\/www.egemtv.com\/index.php?rest_route=\/wp\/v2\/media\/35148"}],"wp:attachment":[{"href":"https:\/\/www.egemtv.com\/index.php?rest_route=%2Fwp%2Fv2%2Fmedia&parent=35147"}],"wp:term":[{"taxonomy":"category","embeddable":true,"href":"https:\/\/www.egemtv.com\/index.php?rest_route=%2Fwp%2Fv2%2Fcategories&post=35147"},{"taxonomy":"post_tag","embeddable":true,"href":"https:\/\/www.egemtv.com\/index.php?rest_route=%2Fwp%2Fv2%2Ftags&post=35147"}],"curies":[{"name":"wp","href":"https:\/\/api.w.org\/{rel}","templated":true}]}}