{"id":35144,"date":"2025-06-14T18:35:37","date_gmt":"2025-06-14T15:35:37","guid":{"rendered":"https:\/\/www.egemtv.com\/?p=35144"},"modified":"2025-06-14T18:35:41","modified_gmt":"2025-06-14T15:35:41","slug":"ozgur-arici-baba-varligi-ile-guc-veren-aile-birliginin-bel-kemigidir","status":"publish","type":"post","link":"https:\/\/www.egemtv.com\/?p=35144","title":{"rendered":"\u00d6zg\u00fcr Ar\u0131c\u0131: &#8220;Baba; varl\u0131\u011f\u0131 ile g\u00fc\u00e7 veren, aile birli\u011finin bel kemi\u011fidir&#8221;"},"content":{"rendered":"<p>Ko\u00e7arl\u0131 Belediye Ba\u015fkan\u0131 \u00d6zg\u00fcr Ar\u0131c\u0131, Babalar G\u00fcn\u00fc dolay\u0131s\u0131yla yay\u0131mlad\u0131\u011f\u0131 mesaj\u0131nda, varl\u0131\u011f\u0131 ve sevgisi ile evlatlar\u0131n\u0131n yeti\u015fmesinde emek veren t\u00fcm babalar\u0131n Babalar G\u00fcn\u00fc\u2019n\u00fc kutlad\u0131.<\/p>\n<p>Ko\u00e7arl\u0131 Belediye Ba\u015fkan\u0131 \u00d6zg\u00fcr Ar\u0131c\u0131 Babalar G\u00fcn\u00fc dolay\u0131s\u0131yla yay\u0131mlad\u0131\u011f\u0131 mesaj\u0131nda &#8220;Hayat boyu bizlere rehber olarak, gece g\u00fcnd\u00fcz \u00e7al\u0131\u015f\u0131p evlatlar\u0131 i\u00e7in m\u00fccadele eden, ilk ad\u0131mlar\u0131m\u0131zdan itibaren ayakta durmam\u0131z i\u00e7in t\u00fcm g\u00fcc\u00fcyle arkam\u0131zda duran en k\u0131ymetli varl\u0131klar\u0131m\u0131zd\u0131r. Aile kurumunun temeli babalar, yaln\u0131zca bir \u00e7ocu\u011fun de\u011fil, sa\u011fl\u0131kl\u0131 bireylerin yeti\u015fmesinde b\u00fcy\u00fck rol\u00fc olan, toplumumuzun en k\u0131ymetli bireyleridir. Bir baba olarak biliyorum ki; Evlat b\u00fcy\u00fctmek, onlar\u0131 hayata haz\u0131r, g\u00fc\u00e7l\u00fc, sevgi dolu, vatan\u0131na ve milletine hay\u0131rl\u0131 iyi bireyler olarak yeti\u015ftirmek \u00e7ok b\u00fcy\u00fck emek ve \u00f6zveri istiyor. Bu anlaml\u0131 g\u00fcnde, ba\u015fta aziz \u015fehitlerimizin ve gazilerimizin babalar\u0131 olmak \u00fczere; Evlatlar\u0131 i\u00e7in m\u00fccadele eden t\u00fcm babalar\u0131n ve baba adaylar\u0131n\u0131n Babalar G\u00fcn\u00fc\u2019n\u00fc en i\u00e7ten dileklerimle kutluyorum. Hayatta olmayan babalar\u0131m\u0131z\u0131 rahmetle, minnetle an\u0131yorum&#8221; ifadelerine yer verdi.<br \/><\/p>\n","protected":false},"excerpt":{"rendered":"<p>Ko\u00e7arl\u0131 Belediye Ba\u015fkan\u0131 \u00d6zg\u00fcr Ar\u0131c\u0131, Babalar G\u00fcn\u00fc dolay\u0131s\u0131yla yay\u0131mlad\u0131\u011f\u0131 mesaj\u0131nda, varl\u0131\u011f\u0131 ve sevgisi ile evlatlar\u0131n\u0131n yeti\u015fmesinde emek veren t\u00fcm babalar\u0131n Babalar G\u00fcn\u00fc\u2019n\u00fc kutlad\u0131. Ko\u00e7arl\u0131 Belediye Ba\u015fkan\u0131 \u00d6zg\u00fcr Ar\u0131c\u0131 Babalar G\u00fcn\u00fc dolay\u0131s\u0131yla yay\u0131mlad\u0131\u011f\u0131 mesaj\u0131nda &#8220;Hayat boyu bizlere rehber olarak, gece g\u00fcnd\u00fcz \u00e7al\u0131\u015f\u0131p evlatlar\u0131 i\u00e7in m\u00fccadele eden, ilk ad\u0131mlar\u0131m\u0131zdan itibaren ayakta durmam\u0131z i\u00e7in t\u00fcm g\u00fcc\u00fcyle arkam\u0131zda duran&#8230;<\/p>\n","protected":false},"author":1,"featured_media":35145,"comment_status":"open","ping_status":"open","sticky":false,"template":"","format":"standard","meta":{"_crdt_document":"","footnotes":""},"categories":[1],"tags":[],"class_list":["post-35144","post","type-post","status-publish","format-standard","has-post-thumbnail","hentry","category-guncel"],"_links":{"self":[{"href":"https:\/\/www.egemtv.com\/index.php?rest_route=\/wp\/v2\/posts\/35144","targetHints":{"allow":["GET"]}}],"collection":[{"href":"https:\/\/www.egemtv.com\/index.php?rest_route=\/wp\/v2\/posts"}],"about":[{"href":"https:\/\/www.egemtv.com\/index.php?rest_route=\/wp\/v2\/types\/post"}],"author":[{"embeddable":true,"href":"https:\/\/www.egemtv.com\/index.php?rest_route=\/wp\/v2\/users\/1"}],"replies":[{"embeddable":true,"href":"https:\/\/www.egemtv.com\/index.php?rest_route=%2Fwp%2Fv2%2Fcomments&post=35144"}],"version-history":[{"count":1,"href":"https:\/\/www.egemtv.com\/index.php?rest_route=\/wp\/v2\/posts\/35144\/revisions"}],"predecessor-version":[{"id":35146,"href":"https:\/\/www.egemtv.com\/index.php?rest_route=\/wp\/v2\/posts\/35144\/revisions\/35146"}],"wp:featuredmedia":[{"embeddable":true,"href":"https:\/\/www.egemtv.com\/index.php?rest_route=\/wp\/v2\/media\/35145"}],"wp:attachment":[{"href":"https:\/\/www.egemtv.com\/index.php?rest_route=%2Fwp%2Fv2%2Fmedia&parent=35144"}],"wp:term":[{"taxonomy":"category","embeddable":true,"href":"https:\/\/www.egemtv.com\/index.php?rest_route=%2Fwp%2Fv2%2Fcategories&post=35144"},{"taxonomy":"post_tag","embeddable":true,"href":"https:\/\/www.egemtv.com\/index.php?rest_route=%2Fwp%2Fv2%2Ftags&post=35144"}],"curies":[{"name":"wp","href":"https:\/\/api.w.org\/{rel}","templated":true}]}}