{"id":35141,"date":"2025-06-14T18:17:13","date_gmt":"2025-06-14T15:17:13","guid":{"rendered":"https:\/\/www.egemtv.com\/?p=35141"},"modified":"2025-06-14T18:17:18","modified_gmt":"2025-06-14T15:17:18","slug":"sarigolde-364-ogrenci-lgsye-girecek","status":"publish","type":"post","link":"https:\/\/www.egemtv.com\/?p=35141","title":{"rendered":"Sar\u0131g\u00f6l\u2019de 364 \u00f6\u011frenci LGS\u2019ye girecek"},"content":{"rendered":"<p>Manisa\u2019n\u0131n Sar\u0131g\u00f6l il\u00e7esinde Liselere Ge\u00e7i\u015f Sistemi (LGS) s\u0131nav\u0131na 364 \u00f6\u011frenci kat\u0131lacak. Sar\u0131g\u00f6l \u0130l\u00e7e Milli E\u011fitim M\u00fcd\u00fcrl\u00fc\u011f\u00fc\u2019nden yap\u0131lan a\u00e7\u0131klamaya g\u00f6re, s\u0131nav Atat\u00fcrk Ortaokulu ve Mesleki Teknik Anadolu Lisesi\u2019nde ger\u00e7ekle\u015ftirilecek.<br \/>\n<br \/>Manisa\u2019n\u0131n Sar\u0131g\u00f6l il\u00e7esinde 15 Haziran pazar g\u00fcn\u00fc ger\u00e7ekle\u015ftirilecek LGS\u2019de 364 \u00f6\u011frenci, iki okulda, 21 salonda ter d\u00f6kecek.<br \/>\n<br \/>Sar\u0131g\u00f6l \u0130l\u00e7e Milli E\u011fitim M\u00fcd\u00fcr\u00fc Cezmi Y\u0131ld\u0131rak, LGS\u2019nin Atat\u00fcrk Ortaokulu\u2019nda 14 salonda 242 \u00f6\u011frenci, Mesleki ve Teknik Anadolu Lisesi\u2019nde ise 7 salonda 122 \u00f6\u011frenci olmak \u00fczere toplam 364 \u00f6\u011frencinin kat\u0131l\u0131m\u0131yla yap\u0131laca\u011f\u0131n\u0131 belirtti.<br \/>\n<br \/>S\u0131nav\u0131n birinci oturumunun saat 09.30\u2019da ba\u015flayaca\u011f\u0131n\u0131 ve 50 sorudan olu\u015fup 75 dakika s\u00fcrece\u011fini kaydeden Y\u0131ld\u0131rak, ikinci oturumun ise saat 11.30\u2019da ba\u015flayaca\u011f\u0131n\u0131, 40 sorudan olu\u015faca\u011f\u0131n\u0131 ve 80 dakika s\u00fcrece\u011fini ifade etti. S\u0131navda toplam 47 \u00f6\u011fretmenin g\u00f6rev yapaca\u011f\u0131n\u0131 belirten Y\u0131ld\u0131rak, s\u0131nav\u0131n huzur ve g\u00fcven i\u00e7inde ge\u00e7mesi i\u00e7in t\u00fcm haz\u0131rl\u0131klar\u0131n tamamland\u0131\u011f\u0131n\u0131 vurgulad\u0131.<br \/>\n<br \/>\u00d6\u011frencilere ba\u015far\u0131 dileklerini ileten Y\u0131ld\u0131rak, &#8220;Bu \u00f6nemli g\u00fcnde, s\u0131nava girecek t\u00fcm \u00f6\u011frencilerimize y\u00fcrekten ba\u015far\u0131lar diliyorum. Unutmayal\u0131m ki bu s\u0131nav sadece bir a\u015fama ve hi\u00e7bir s\u0131nav sonucu, \u00f6\u011frencilerimizin de\u011ferini belirlemez&#8221; dedi.<br \/>\n<br \/>Sar\u0131g\u00f6l halk\u0131na da \u00e7a\u011fr\u0131da bulunan Y\u0131ld\u0131rak, &#8220;S\u0131nav s\u00fcresince g\u00f6rev yapacak \u00f6\u011fretmenlerimize ve emniyet personelimize kolayl\u0131klar diliyorum. Ayr\u0131ca Sar\u0131g\u00f6l halk\u0131m\u0131zdan, s\u0131nav saatlerinde sessizli\u011fe \u00f6zen g\u00f6stermelerini, \u00f6\u011frencilerimizin dikkatini da\u011f\u0131tacak herhangi bir g\u00fcr\u00fclt\u00fcye neden olunmamas\u0131n\u0131 \u00f6zellikle rica ediyorum&#8221; ifadelerini kulland\u0131.<br \/><\/p>\n","protected":false},"excerpt":{"rendered":"<p>Manisa\u2019n\u0131n Sar\u0131g\u00f6l il\u00e7esinde Liselere Ge\u00e7i\u015f Sistemi (LGS) s\u0131nav\u0131na 364 \u00f6\u011frenci kat\u0131lacak. Sar\u0131g\u00f6l \u0130l\u00e7e Milli E\u011fitim M\u00fcd\u00fcrl\u00fc\u011f\u00fc\u2019nden yap\u0131lan a\u00e7\u0131klamaya g\u00f6re, s\u0131nav Atat\u00fcrk Ortaokulu ve Mesleki Teknik Anadolu Lisesi\u2019nde ger\u00e7ekle\u015ftirilecek. Manisa\u2019n\u0131n Sar\u0131g\u00f6l il\u00e7esinde 15 Haziran pazar g\u00fcn\u00fc ger\u00e7ekle\u015ftirilecek LGS\u2019de 364 \u00f6\u011frenci, iki okulda, 21 salonda ter d\u00f6kecek. Sar\u0131g\u00f6l \u0130l\u00e7e Milli E\u011fitim M\u00fcd\u00fcr\u00fc Cezmi Y\u0131ld\u0131rak, LGS\u2019nin Atat\u00fcrk Ortaokulu\u2019nda&#8230;<\/p>\n","protected":false},"author":1,"featured_media":35142,"comment_status":"open","ping_status":"open","sticky":false,"template":"","format":"standard","meta":{"_crdt_document":"","footnotes":""},"categories":[1],"tags":[],"class_list":["post-35141","post","type-post","status-publish","format-standard","has-post-thumbnail","hentry","category-guncel"],"_links":{"self":[{"href":"https:\/\/www.egemtv.com\/index.php?rest_route=\/wp\/v2\/posts\/35141","targetHints":{"allow":["GET"]}}],"collection":[{"href":"https:\/\/www.egemtv.com\/index.php?rest_route=\/wp\/v2\/posts"}],"about":[{"href":"https:\/\/www.egemtv.com\/index.php?rest_route=\/wp\/v2\/types\/post"}],"author":[{"embeddable":true,"href":"https:\/\/www.egemtv.com\/index.php?rest_route=\/wp\/v2\/users\/1"}],"replies":[{"embeddable":true,"href":"https:\/\/www.egemtv.com\/index.php?rest_route=%2Fwp%2Fv2%2Fcomments&post=35141"}],"version-history":[{"count":1,"href":"https:\/\/www.egemtv.com\/index.php?rest_route=\/wp\/v2\/posts\/35141\/revisions"}],"predecessor-version":[{"id":35143,"href":"https:\/\/www.egemtv.com\/index.php?rest_route=\/wp\/v2\/posts\/35141\/revisions\/35143"}],"wp:featuredmedia":[{"embeddable":true,"href":"https:\/\/www.egemtv.com\/index.php?rest_route=\/wp\/v2\/media\/35142"}],"wp:attachment":[{"href":"https:\/\/www.egemtv.com\/index.php?rest_route=%2Fwp%2Fv2%2Fmedia&parent=35141"}],"wp:term":[{"taxonomy":"category","embeddable":true,"href":"https:\/\/www.egemtv.com\/index.php?rest_route=%2Fwp%2Fv2%2Fcategories&post=35141"},{"taxonomy":"post_tag","embeddable":true,"href":"https:\/\/www.egemtv.com\/index.php?rest_route=%2Fwp%2Fv2%2Ftags&post=35141"}],"curies":[{"name":"wp","href":"https:\/\/api.w.org\/{rel}","templated":true}]}}