{"id":35138,"date":"2025-06-14T18:17:08","date_gmt":"2025-06-14T15:17:08","guid":{"rendered":"https:\/\/www.egemtv.com\/?p=35138"},"modified":"2025-06-14T18:17:13","modified_gmt":"2025-06-14T15:17:13","slug":"hem-teskilat-gururunu-hem-baba-sevincini-bir-arada-yasadi","status":"publish","type":"post","link":"https:\/\/www.egemtv.com\/?p=35138","title":{"rendered":"Hem te\u015fkilat gururunu hem baba sevincini bir arada ya\u015fad\u0131"},"content":{"rendered":"<p>Ayd\u0131n\u2019da g\u00f6rev yapan ve 3 kez yaralanmas\u0131na ra\u011fmen \u00e7ok sevdi\u011fi mesle\u011finden vazge\u00e7meyen Gazi Astsubay \u00dcst\u00e7avu\u015f Ferhat Akg\u00fcl, iki o\u011flunun s\u00fcnnet d\u00fc\u011f\u00fcn\u00fcn\u00fc Jandarma Te\u015fkilat\u0131\u2019n\u0131n 186\u2019nc\u0131 kurulu\u015f y\u0131l d\u00f6n\u00fcm\u00fcne denk getirerek iki anlaml\u0131 g\u00fcn\u00fc bir arada kutlaman\u0131n mutlulu\u011funu ya\u015fad\u0131.<br \/>\n<br \/>Mardin ve Bing\u00f6l\u2019de y\u00fcr\u00fct\u00fclen ter\u00f6rle m\u00fccadele operasyonlar\u0131nda \u00fc\u00e7 kez yaralanan ve akci\u011ferinin bir k\u0131sm\u0131n\u0131 kaybeden 44 ya\u015f\u0131ndaki Gazi Astsubay Ferhat Akg\u00fcl, uzun s\u00fcren tedavi s\u00fcre\u00e7lerinin ard\u0131ndan g\u00f6revine d\u00f6nerek mesle\u011fini ayn\u0131 \u00f6zveriyle yapmay\u0131 s\u00fcrd\u00fcr\u00fcyor. 2016 y\u0131l\u0131nda \u2018Devlet \u00d6v\u00fcn\u00e7 Madalyas\u0131\u2019 ve \u2018Gazi Berat\u0131\u2019 ile onurland\u0131r\u0131lan Akg\u00fcl halen Ayd\u0131n \u0130l Jandarma Komutanl\u0131\u011f\u0131 b\u00fcnyesinde g\u00f6rev yap\u0131yor.<br \/>\n<br \/>Te\u015fkilata olan ba\u011fl\u0131l\u0131\u011f\u0131n\u0131 her f\u0131rsatta dile getiren Akg\u00fcl, Jandarma Genel Komutanl\u0131\u011f\u0131\u2019n\u0131n kurulu\u015f y\u0131l d\u00f6n\u00fcm\u00fcnde anlaml\u0131 bir etkinlik ger\u00e7ekle\u015ftirdi. 7 ya\u015f\u0131ndaki o\u011flu Mithat ve 4 ya\u015f\u0131ndaki o\u011flu Murat i\u00e7in d\u00fczenledi\u011fi s\u00fcnnet t\u00f6renini, Jandarma\u2019n\u0131n y\u0131l d\u00f6n\u00fcm\u00fc ile birle\u015ftirerek bu \u00f6zel g\u00fcn\u00fc unutulmaz k\u0131ld\u0131.<\/p>\n<p>Jandarma ara\u00e7lar\u0131 e\u015fli\u011finde konvoy d\u00fczenlendi<br \/>\n<br \/>S\u00fcnnet konvoyuna \u0130l Jandarma Komutanl\u0131\u011f\u0131 ekipleri de kat\u0131l\u0131rken, davetliler jandarma ara\u00e7lar\u0131 e\u015fli\u011finde \u015fehir turu atarak salona ula\u015ft\u0131. Akg\u00fcl\u2019\u00fcn e\u015fi G\u00fcl\u015fah, k\u0131z\u0131 Sude ve s\u00fcnnet olan o\u011fullar\u0131yla birlikte kat\u0131ld\u0131\u011f\u0131 kutlamada hem duygusal hem de renkli g\u00f6r\u00fcnt\u00fcler ya\u015fand\u0131. Ailesi ve t\u00fcm sevenleri ile birlikte iki \u00f6zel g\u00fcn\u00fc bir arada kutlayan Gazi Astsubay Akg\u00fcl\u2019\u00fcn mutlulu\u011fu g\u00f6zlerinden okundu.<br \/>\n<br \/>Gazi Astsubay \u00dcst\u00e7avu\u015f Ferhat Akg\u00fcl, &#8220;Hem \u00e7ocuklar\u0131m\u0131z\u0131n bu mutlu g\u00fcnlerini hem de mensubu bulundu\u011fum Jandarma Te\u015fkilat\u0131\u2019n\u0131n 186. y\u0131l d\u00f6n\u00fcm\u00fcn\u00fc bir arada kutlamaktan dolay\u0131 \u00e7ok mutluyum. Gazi Astsubay olarak bu \u00f6zel iki g\u00fcn\u00fc bir arada ya\u015famak istedik. Allah\u2019a \u015f\u00fck\u00fcrler olsun ki bug\u00fcn bize nasip oldu. Jandarmam\u0131z\u0131 \u00e7ok seviyoruz, kutlu ve mutlu g\u00fcn\u00fc m\u00fcbarek olsun. Ayd\u0131n il Jandarma Komutan\u0131m\u0131z Albay Ali Naci Aldemir\u2019e \u015f\u00fckranlar\u0131m\u0131 sunuyorum. Sa\u011f olsun s\u00fcnnet konvoyumuza jandarma personellerimiz de e\u015flik etti. Bizi bu mutlu g\u00fcn\u00fcm\u00fczde yaln\u0131z b\u0131rakmad\u0131klar\u0131 i\u00e7in ba\u015fta \u0130l Jandarma Komutan\u0131m\u0131z ve mesai arkada\u015flar\u0131m olmak \u00fczere t\u00fcm sevenlerimize \u00e7ok te\u015fekk\u00fcr ediyorum&#8221; dedi.<br \/><\/p>\n","protected":false},"excerpt":{"rendered":"<p>Ayd\u0131n\u2019da g\u00f6rev yapan ve 3 kez yaralanmas\u0131na ra\u011fmen \u00e7ok sevdi\u011fi mesle\u011finden vazge\u00e7meyen Gazi Astsubay \u00dcst\u00e7avu\u015f Ferhat Akg\u00fcl, iki o\u011flunun s\u00fcnnet d\u00fc\u011f\u00fcn\u00fcn\u00fc Jandarma Te\u015fkilat\u0131\u2019n\u0131n 186\u2019nc\u0131 kurulu\u015f y\u0131l d\u00f6n\u00fcm\u00fcne denk getirerek iki anlaml\u0131 g\u00fcn\u00fc bir arada kutlaman\u0131n mutlulu\u011funu ya\u015fad\u0131. Mardin ve Bing\u00f6l\u2019de y\u00fcr\u00fct\u00fclen ter\u00f6rle m\u00fccadele operasyonlar\u0131nda \u00fc\u00e7 kez yaralanan ve akci\u011ferinin bir k\u0131sm\u0131n\u0131 kaybeden 44 ya\u015f\u0131ndaki Gazi&#8230;<\/p>\n","protected":false},"author":1,"featured_media":35139,"comment_status":"open","ping_status":"open","sticky":false,"template":"","format":"standard","meta":{"_crdt_document":"","footnotes":""},"categories":[1],"tags":[],"class_list":["post-35138","post","type-post","status-publish","format-standard","has-post-thumbnail","hentry","category-guncel"],"_links":{"self":[{"href":"https:\/\/www.egemtv.com\/index.php?rest_route=\/wp\/v2\/posts\/35138","targetHints":{"allow":["GET"]}}],"collection":[{"href":"https:\/\/www.egemtv.com\/index.php?rest_route=\/wp\/v2\/posts"}],"about":[{"href":"https:\/\/www.egemtv.com\/index.php?rest_route=\/wp\/v2\/types\/post"}],"author":[{"embeddable":true,"href":"https:\/\/www.egemtv.com\/index.php?rest_route=\/wp\/v2\/users\/1"}],"replies":[{"embeddable":true,"href":"https:\/\/www.egemtv.com\/index.php?rest_route=%2Fwp%2Fv2%2Fcomments&post=35138"}],"version-history":[{"count":1,"href":"https:\/\/www.egemtv.com\/index.php?rest_route=\/wp\/v2\/posts\/35138\/revisions"}],"predecessor-version":[{"id":35140,"href":"https:\/\/www.egemtv.com\/index.php?rest_route=\/wp\/v2\/posts\/35138\/revisions\/35140"}],"wp:featuredmedia":[{"embeddable":true,"href":"https:\/\/www.egemtv.com\/index.php?rest_route=\/wp\/v2\/media\/35139"}],"wp:attachment":[{"href":"https:\/\/www.egemtv.com\/index.php?rest_route=%2Fwp%2Fv2%2Fmedia&parent=35138"}],"wp:term":[{"taxonomy":"category","embeddable":true,"href":"https:\/\/www.egemtv.com\/index.php?rest_route=%2Fwp%2Fv2%2Fcategories&post=35138"},{"taxonomy":"post_tag","embeddable":true,"href":"https:\/\/www.egemtv.com\/index.php?rest_route=%2Fwp%2Fv2%2Ftags&post=35138"}],"curies":[{"name":"wp","href":"https:\/\/api.w.org\/{rel}","templated":true}]}}