{"id":35084,"date":"2025-06-14T14:16:33","date_gmt":"2025-06-14T11:16:33","guid":{"rendered":"https:\/\/www.egemtv.com\/?p=35084"},"modified":"2025-06-14T14:16:38","modified_gmt":"2025-06-14T11:16:38","slug":"yunanistana-yuzerek-gecme-hazirliginda-olan-duzensiz-gocmenler-yakalandi","status":"publish","type":"post","link":"https:\/\/www.egemtv.com\/?p=35084","title":{"rendered":"Yunanistan\u2019a y\u00fczerek ge\u00e7me haz\u0131rl\u0131\u011f\u0131nda olan d\u00fczensiz g\u00f6\u00e7menler yakaland\u0131"},"content":{"rendered":"<p>Ayd\u0131n\u2019\u0131n Ku\u015fadas\u0131 il\u00e7esinde Yunanistan\u2019\u0131n Sisam Adas\u0131na y\u00fczerek gitmek amac\u0131yla haz\u0131rlanan 2 d\u00fczensiz g\u00f6\u00e7men yakaland\u0131.<br \/>\n<br \/>Edinilen bilgiye g\u00f6re, Ku\u015fadas\u0131 \u0130l\u00e7e Jandarma Komutanl\u0131\u011f\u0131nca Ku\u015fadas\u0131 \u0130l\u00e7esi Dilek Yar\u0131madas\u0131 Milli Park\u0131 yasakl\u0131 b\u00f6lge Kelebek Koyu mevkiinde gece saatlerinde yasad\u0131\u015f\u0131 olarak Yunanistan\u2019\u0131n Sisam Adas\u0131\u2019na y\u00fczerek gitmek amac\u0131yla haz\u0131rlanan 2 yabanc\u0131 uyruklu erkek d\u00fczensiz g\u00f6\u00e7men yakaland\u0131. D\u00fczensiz g\u00f6\u00e7men ile birlikte y\u00fczmede kullan\u0131lacak malzemeler ele ge\u00e7irilirken, d\u00fczensiz g\u00f6\u00e7menler i\u015flemlerinin ard\u0131ndan G\u00d6KSEM\u2019e teslim edildi.<br \/><\/p>\n","protected":false},"excerpt":{"rendered":"<p>Ayd\u0131n\u2019\u0131n Ku\u015fadas\u0131 il\u00e7esinde Yunanistan\u2019\u0131n Sisam Adas\u0131na y\u00fczerek gitmek amac\u0131yla haz\u0131rlanan 2 d\u00fczensiz g\u00f6\u00e7men yakaland\u0131. Edinilen bilgiye g\u00f6re, Ku\u015fadas\u0131 \u0130l\u00e7e Jandarma Komutanl\u0131\u011f\u0131nca Ku\u015fadas\u0131 \u0130l\u00e7esi Dilek Yar\u0131madas\u0131 Milli Park\u0131 yasakl\u0131 b\u00f6lge Kelebek Koyu mevkiinde gece saatlerinde yasad\u0131\u015f\u0131 olarak Yunanistan\u2019\u0131n Sisam Adas\u0131\u2019na y\u00fczerek gitmek amac\u0131yla haz\u0131rlanan 2 yabanc\u0131 uyruklu erkek d\u00fczensiz g\u00f6\u00e7men yakaland\u0131. D\u00fczensiz g\u00f6\u00e7men ile birlikte y\u00fczmede&#8230;<\/p>\n","protected":false},"author":1,"featured_media":35085,"comment_status":"open","ping_status":"open","sticky":false,"template":"","format":"standard","meta":{"_crdt_document":"","footnotes":""},"categories":[5],"tags":[],"class_list":["post-35084","post","type-post","status-publish","format-standard","has-post-thumbnail","hentry","category-asayis"],"_links":{"self":[{"href":"https:\/\/www.egemtv.com\/index.php?rest_route=\/wp\/v2\/posts\/35084","targetHints":{"allow":["GET"]}}],"collection":[{"href":"https:\/\/www.egemtv.com\/index.php?rest_route=\/wp\/v2\/posts"}],"about":[{"href":"https:\/\/www.egemtv.com\/index.php?rest_route=\/wp\/v2\/types\/post"}],"author":[{"embeddable":true,"href":"https:\/\/www.egemtv.com\/index.php?rest_route=\/wp\/v2\/users\/1"}],"replies":[{"embeddable":true,"href":"https:\/\/www.egemtv.com\/index.php?rest_route=%2Fwp%2Fv2%2Fcomments&post=35084"}],"version-history":[{"count":1,"href":"https:\/\/www.egemtv.com\/index.php?rest_route=\/wp\/v2\/posts\/35084\/revisions"}],"predecessor-version":[{"id":35086,"href":"https:\/\/www.egemtv.com\/index.php?rest_route=\/wp\/v2\/posts\/35084\/revisions\/35086"}],"wp:featuredmedia":[{"embeddable":true,"href":"https:\/\/www.egemtv.com\/index.php?rest_route=\/wp\/v2\/media\/35085"}],"wp:attachment":[{"href":"https:\/\/www.egemtv.com\/index.php?rest_route=%2Fwp%2Fv2%2Fmedia&parent=35084"}],"wp:term":[{"taxonomy":"category","embeddable":true,"href":"https:\/\/www.egemtv.com\/index.php?rest_route=%2Fwp%2Fv2%2Fcategories&post=35084"},{"taxonomy":"post_tag","embeddable":true,"href":"https:\/\/www.egemtv.com\/index.php?rest_route=%2Fwp%2Fv2%2Ftags&post=35084"}],"curies":[{"name":"wp","href":"https:\/\/api.w.org\/{rel}","templated":true}]}}