{"id":35081,"date":"2025-06-14T14:16:33","date_gmt":"2025-06-14T11:16:33","guid":{"rendered":"https:\/\/www.egemtv.com\/?p=35081"},"modified":"2025-06-14T14:16:33","modified_gmt":"2025-06-14T11:16:33","slug":"cocugun-cinsel-istismari-sucundan-aranan-sahsa-film-gibi-operasyon","status":"publish","type":"post","link":"https:\/\/www.egemtv.com\/?p=35081","title":{"rendered":"\u00c7ocu\u011fun cinsel istismar\u0131 su\u00e7undan aranan \u015fahsa film gibi operasyon"},"content":{"rendered":"<p>Ayd\u0131n\u2019\u0131n Efeler il\u00e7esinde hakk\u0131nda \u00e7ocu\u011fun cinsel istismar\u0131 ve \u015fantaj su\u00e7undan kesinle\u015fmi\u015f 14 y\u0131l 2 ay hapis cezas\u0131 bulunan \u015fah\u0131s dron ile sakland\u0131\u011f\u0131 evin bah\u00e7esinde tespit edilirken, d\u00fczenlenen film gibi operasyon ile de k\u0131sk\u0131vrak yakaland\u0131.<br \/>\n<br \/>Ayd\u0131n\u2019da polis ekipleri vatanda\u015flar\u0131n huzur ve g\u00fcvenli\u011fi i\u00e7in \u00e7al\u0131\u015fmalar\u0131n\u0131 aral\u0131ks\u0131z s\u00fcrd\u00fcr\u00fcyor. Aranan \u015fah\u0131slara da g\u00f6z a\u00e7t\u0131rmayan ekipler ger\u00e7ekle\u015ftirdikleri ba\u015far\u0131l\u0131 operasyonlar\u0131na bir yenisini daha ekledi. Edinilen bilgiye g\u00f6re, hakk\u0131nda \u00e7ocu\u011fun cinsel istismar\u0131 ve \u015fantaj su\u00e7undan kesinle\u015fmi\u015f 14 y\u0131l 2 ay hapis ve 41 bin 640 TL adli para cezas\u0131 ile aranan S.\u015e. isimli \u015fah\u0131s Umurlu Mahallesi\u2019nde sakland\u0131\u011f\u0131 evin bah\u00e7esinde dron ile tespit edildi. Asayi\u015f \u015eube M\u00fcd\u00fcrl\u00fc\u011f\u00fc, \u00d6zel Hareket \u015eube M\u00fcd\u00fcrl\u00fc\u011f\u00fc ve \u0130HA B\u00fcro Amirli\u011fi\u2019nin koordineli olarak yap\u0131lan \u00e7al\u0131\u015fmalar do\u011frultusunda d\u00fczenlenen operasyonla k\u0131sk\u0131vrak yakalanan S.\u015e. g\u00f6zalt\u0131na al\u0131narak emniyete g\u00f6t\u00fcr\u00fcld\u00fc.<br \/>\n<br \/>\u015eahs\u0131n tespiti ve operasyon anlar\u0131 dron kameras\u0131 taraf\u0131ndan saniye saniye kay\u0131t alt\u0131na al\u0131n\u0131rken, emniyetin \u00e7al\u0131\u015fmas\u0131 g\u00f6z doldurdu.<br \/><\/p>\n","protected":false},"excerpt":{"rendered":"<p>Ayd\u0131n\u2019\u0131n Efeler il\u00e7esinde hakk\u0131nda \u00e7ocu\u011fun cinsel istismar\u0131 ve \u015fantaj su\u00e7undan kesinle\u015fmi\u015f 14 y\u0131l 2 ay hapis cezas\u0131 bulunan \u015fah\u0131s dron ile sakland\u0131\u011f\u0131 evin bah\u00e7esinde tespit edilirken, d\u00fczenlenen film gibi operasyon ile de k\u0131sk\u0131vrak yakaland\u0131. Ayd\u0131n\u2019da polis ekipleri vatanda\u015flar\u0131n huzur ve g\u00fcvenli\u011fi i\u00e7in \u00e7al\u0131\u015fmalar\u0131n\u0131 aral\u0131ks\u0131z s\u00fcrd\u00fcr\u00fcyor. Aranan \u015fah\u0131slara da g\u00f6z a\u00e7t\u0131rmayan ekipler ger\u00e7ekle\u015ftirdikleri ba\u015far\u0131l\u0131 operasyonlar\u0131na bir&#8230;<\/p>\n","protected":false},"author":1,"featured_media":35082,"comment_status":"open","ping_status":"open","sticky":false,"template":"","format":"standard","meta":{"_crdt_document":"","footnotes":""},"categories":[5],"tags":[],"class_list":["post-35081","post","type-post","status-publish","format-standard","has-post-thumbnail","hentry","category-asayis"],"_links":{"self":[{"href":"https:\/\/www.egemtv.com\/index.php?rest_route=\/wp\/v2\/posts\/35081","targetHints":{"allow":["GET"]}}],"collection":[{"href":"https:\/\/www.egemtv.com\/index.php?rest_route=\/wp\/v2\/posts"}],"about":[{"href":"https:\/\/www.egemtv.com\/index.php?rest_route=\/wp\/v2\/types\/post"}],"author":[{"embeddable":true,"href":"https:\/\/www.egemtv.com\/index.php?rest_route=\/wp\/v2\/users\/1"}],"replies":[{"embeddable":true,"href":"https:\/\/www.egemtv.com\/index.php?rest_route=%2Fwp%2Fv2%2Fcomments&post=35081"}],"version-history":[{"count":1,"href":"https:\/\/www.egemtv.com\/index.php?rest_route=\/wp\/v2\/posts\/35081\/revisions"}],"predecessor-version":[{"id":35083,"href":"https:\/\/www.egemtv.com\/index.php?rest_route=\/wp\/v2\/posts\/35081\/revisions\/35083"}],"wp:featuredmedia":[{"embeddable":true,"href":"https:\/\/www.egemtv.com\/index.php?rest_route=\/wp\/v2\/media\/35082"}],"wp:attachment":[{"href":"https:\/\/www.egemtv.com\/index.php?rest_route=%2Fwp%2Fv2%2Fmedia&parent=35081"}],"wp:term":[{"taxonomy":"category","embeddable":true,"href":"https:\/\/www.egemtv.com\/index.php?rest_route=%2Fwp%2Fv2%2Fcategories&post=35081"},{"taxonomy":"post_tag","embeddable":true,"href":"https:\/\/www.egemtv.com\/index.php?rest_route=%2Fwp%2Fv2%2Ftags&post=35081"}],"curies":[{"name":"wp","href":"https:\/\/api.w.org\/{rel}","templated":true}]}}