{"id":35078,"date":"2025-06-14T14:16:28","date_gmt":"2025-06-14T11:16:28","guid":{"rendered":"https:\/\/www.egemtv.com\/?p=35078"},"modified":"2025-06-14T14:16:32","modified_gmt":"2025-06-14T11:16:32","slug":"bodrum-belediyesi-halk-sut-projesini-surduruyor","status":"publish","type":"post","link":"https:\/\/www.egemtv.com\/?p=35078","title":{"rendered":"Bodrum Belediyesi \u2019Halk S\u00fct Projesi\u2019ni s\u00fcrd\u00fcr\u00fcyor"},"content":{"rendered":"<p>Bodrum Belediyesi, sosyal belediyecilik anlay\u0131\u015f\u0131 do\u011frultusunda hayata ge\u00e7irdi\u011fi Bodrum Halk S\u00fct Projesi kapsam\u0131nda, 2-5 ya\u015f aras\u0131 \u00e7ocuklara \u00fccretsiz s\u00fct ula\u015ft\u0131rmay\u0131 s\u00fcrd\u00fcr\u00fcyor.<\/p>\n<p>Tar\u0131msal Hizmetler M\u00fcd\u00fcrl\u00fc\u011f\u00fc koordinasyonunda y\u00fcr\u00fct\u00fclen proje \u00e7er\u00e7evesinde, yar\u0131madan\u0131n d\u00f6rt bir yan\u0131nda periyodik olarak ger\u00e7ekle\u015ftirilen s\u00fct da\u011f\u0131t\u0131mlar\u0131 devam ediyor. Son olarak Ak\u00e7aalan Mahallesi\u2019nde ba\u015flayan da\u011f\u0131t\u0131mda, mahallede kay\u0131tl\u0131 115 \u00e7ocuktan 60\u2019\u0131na s\u00fct ula\u015ft\u0131r\u0131ld\u0131. Da\u011f\u0131t\u0131mlar\u0131n \u00f6n\u00fcm\u00fczdeki hafta da Ak\u00e7aalan\u2019da s\u00fcrmesi, ard\u0131ndan Karaba\u011f, Turgutreis, Bah\u00e7elievler ve di\u011fer mahallelerde devam etmesi planlan\u0131yor.<\/p>\n<p>Toplam bin 248 \u00e7ocu\u011fa s\u00fct ula\u015ft\u0131r\u0131lacak<br \/>\n<br \/>Belediye ekipleri, kent genelinde y\u00fcr\u00fct\u00fclen s\u00fct da\u011f\u0131t\u0131mlar\u0131n\u0131 \u00fc\u00e7 ayl\u0131k periyotlar halinde planl\u0131yor. Her \u00e7ocuk i\u00e7in 12 adet 1 litrelik uzun \u00f6m\u00fcrl\u00fc s\u00fct i\u00e7eren paketler haz\u0131rlan\u0131yor. Bu kapsamda toplam 1.248 \u00e7ocu\u011fa s\u00fct ula\u015ft\u0131r\u0131lmas\u0131 hedefleniyor. Bug\u00fcne kadar Karaova, Mumcular, G\u00f6lba\u015f\u0131, G\u00f6kp\u0131nar, Maz\u0131, Sazk\u00f6y, P\u0131narl\u0131belen, \u00c7aml\u0131k, \u00c7amaras\u0131, Yenik\u00f6y-Karaova, K\u0131z\u0131la\u011fa\u00e7, \u00c7iftlik, G\u00fcvercinlik, Yoku\u015fba\u015f\u0131, Kumbah\u00e7e, \u00c7ar\u015f\u0131, T\u00fcrkkuyusu, Eski\u00e7e\u015fme, G\u00fcmbet, Cevat \u015eakir, Cumhuriyet, Konac\u0131k, \u00c7\u0131rkan, Bitez, M\u00fcskebi, Yah\u015fi, Yakak\u00f6y ve Da\u011fbelen mahallelerinde toplam 7 bin 356 litre s\u00fct da\u011f\u0131t\u0131m\u0131 ger\u00e7ekle\u015ftirildi.<\/p>\n<p>Bodrum Belediyesi Tar\u0131msal Hizmetler M\u00fcd\u00fcrl\u00fc\u011f\u00fc\u2019nde G\u0131da M\u00fchendisi olarak g\u00f6rev yapan M\u00fczeyyen Meri\u00e7 \u00d6z\u00e7elik, y\u00fcr\u00fct\u00fclen projeye ili\u015fkin \u015funlar\u0131 s\u00f6yledi: &#8220;\u00dc\u00e7 ayl\u0131k periyotlar halinde halk s\u00fct da\u011f\u0131t\u0131m\u0131 ger\u00e7ekle\u015ftiriyoruz. 29 mahallemizde da\u011f\u0131t\u0131m tamamland\u0131. Amac\u0131m\u0131z \u00e7ocuklar\u0131m\u0131z\u0131n temel ihtiyac\u0131 olan sa\u011fl\u0131kl\u0131 s\u00fcte, g\u00fcvenilir g\u0131daya kolayca ula\u015fabilmelerini sa\u011flamak.&#8221;<\/p>\n<p>Projeden yararlanmak isteyen aileler, ba\u011fl\u0131 bulunduklar\u0131 mahalle muhtarl\u0131klar\u0131na ba\u015fvurarak kay\u0131t yapt\u0131rabiliyor.<br \/><\/p>\n","protected":false},"excerpt":{"rendered":"<p>Bodrum Belediyesi, sosyal belediyecilik anlay\u0131\u015f\u0131 do\u011frultusunda hayata ge\u00e7irdi\u011fi Bodrum Halk S\u00fct Projesi kapsam\u0131nda, 2-5 ya\u015f aras\u0131 \u00e7ocuklara \u00fccretsiz s\u00fct ula\u015ft\u0131rmay\u0131 s\u00fcrd\u00fcr\u00fcyor. Tar\u0131msal Hizmetler M\u00fcd\u00fcrl\u00fc\u011f\u00fc koordinasyonunda y\u00fcr\u00fct\u00fclen proje \u00e7er\u00e7evesinde, yar\u0131madan\u0131n d\u00f6rt bir yan\u0131nda periyodik olarak ger\u00e7ekle\u015ftirilen s\u00fct da\u011f\u0131t\u0131mlar\u0131 devam ediyor. Son olarak Ak\u00e7aalan Mahallesi\u2019nde ba\u015flayan da\u011f\u0131t\u0131mda, mahallede kay\u0131tl\u0131 115 \u00e7ocuktan 60\u2019\u0131na s\u00fct ula\u015ft\u0131r\u0131ld\u0131. Da\u011f\u0131t\u0131mlar\u0131n \u00f6n\u00fcm\u00fczdeki hafta&#8230;<\/p>\n","protected":false},"author":1,"featured_media":35079,"comment_status":"open","ping_status":"open","sticky":false,"template":"","format":"standard","meta":{"_crdt_document":"","footnotes":""},"categories":[123],"tags":[],"class_list":["post-35078","post","type-post","status-publish","format-standard","has-post-thumbnail","hentry","category-gundem"],"_links":{"self":[{"href":"https:\/\/www.egemtv.com\/index.php?rest_route=\/wp\/v2\/posts\/35078","targetHints":{"allow":["GET"]}}],"collection":[{"href":"https:\/\/www.egemtv.com\/index.php?rest_route=\/wp\/v2\/posts"}],"about":[{"href":"https:\/\/www.egemtv.com\/index.php?rest_route=\/wp\/v2\/types\/post"}],"author":[{"embeddable":true,"href":"https:\/\/www.egemtv.com\/index.php?rest_route=\/wp\/v2\/users\/1"}],"replies":[{"embeddable":true,"href":"https:\/\/www.egemtv.com\/index.php?rest_route=%2Fwp%2Fv2%2Fcomments&post=35078"}],"version-history":[{"count":1,"href":"https:\/\/www.egemtv.com\/index.php?rest_route=\/wp\/v2\/posts\/35078\/revisions"}],"predecessor-version":[{"id":35080,"href":"https:\/\/www.egemtv.com\/index.php?rest_route=\/wp\/v2\/posts\/35078\/revisions\/35080"}],"wp:featuredmedia":[{"embeddable":true,"href":"https:\/\/www.egemtv.com\/index.php?rest_route=\/wp\/v2\/media\/35079"}],"wp:attachment":[{"href":"https:\/\/www.egemtv.com\/index.php?rest_route=%2Fwp%2Fv2%2Fmedia&parent=35078"}],"wp:term":[{"taxonomy":"category","embeddable":true,"href":"https:\/\/www.egemtv.com\/index.php?rest_route=%2Fwp%2Fv2%2Fcategories&post=35078"},{"taxonomy":"post_tag","embeddable":true,"href":"https:\/\/www.egemtv.com\/index.php?rest_route=%2Fwp%2Fv2%2Ftags&post=35078"}],"curies":[{"name":"wp","href":"https:\/\/api.w.org\/{rel}","templated":true}]}}