{"id":35075,"date":"2025-06-14T14:16:23","date_gmt":"2025-06-14T11:16:23","guid":{"rendered":"https:\/\/www.egemtv.com\/?p=35075"},"modified":"2025-06-14T14:16:28","modified_gmt":"2025-06-14T11:16:28","slug":"jandarma-teskilati-186-kurulus-yil-donumunu-kutladi","status":"publish","type":"post","link":"https:\/\/www.egemtv.com\/?p=35075","title":{"rendered":"Jandarma Te\u015fkilat\u0131, 186. kurulu\u015f y\u0131l d\u00f6n\u00fcm\u00fcn\u00fc kutlad\u0131"},"content":{"rendered":"<p>U\u015fak\u2019ta , Jandarma Te\u015fkilat\u0131\u2019n\u0131n 186. kurulu\u015f y\u0131ld\u00f6n\u00fcm\u00fc t\u00f6renle kutland\u0131.<br \/>\n<br \/>Jandarma Te\u015fkilat\u0131\u2019n\u0131n 186. Kurulu\u015f Y\u0131ld\u00f6n\u00fcm\u00fc m\u00fcnasebetiyle 15 Temmuz \u015eehitler Meydan\u0131\u2019nda  t\u00f6ren d\u00fczenlendi. An\u0131ta \u00e7elenk sunumu ile ba\u015flayan t\u00f6ren, sayg\u0131 duru\u015funda bulunulmas\u0131 ve \u0130stiklal Mar\u015f\u0131\u2019n\u0131n okunmas\u0131 ile devam etti.<br \/>\n<br \/>T\u00f6rende, Jandarma\u2019n\u0131n 186 y\u0131ld\u0131r \u00fclkenin b\u00f6l\u00fcnmez b\u00fct\u00fcnl\u00fc\u011f\u00fc, milletin huzuru ve g\u00fcvenli\u011fi i\u00e7in g\u00f6rev yapt\u0131\u011f\u0131n\u0131 Jandarman\u0131n her zaman milletin yan\u0131nda oldu\u011funu belirten Semiz, &#8220;Kuruldu\u011fu g\u00fcnden bu yana ya\u015fam\u0131n her alan\u0131nda, T\u00fcrkiye\u2019nin her noktas\u0131nda, gece g\u00fcnd\u00fcz, so\u011fuk s\u0131cak, ya\u011fmur \u00e7amur demeden halk\u0131m\u0131z\u0131n hizmetinde olmu\u015f, bundan sonra da olmaya devam edecektir. Yerle\u015fik kurum k\u00fclt\u00fcr\u00fc ve kimli\u011fine sahip personeliyle Jandarma, \u00fcst\u00fcn birlik ve silah arkada\u015fl\u0131\u011f\u0131 ruhu, vatanda\u015fa insan merkezli, adaletli, sevgi \u015fefkatli, birle\u015ftirici ve kucaklay\u0131c\u0131 yakla\u015f\u0131m\u0131 ile her zaman milletinin yan\u0131nda yer alm\u0131\u015ft\u0131r, almaya da devam edecektir.&#8221; dedi.<br \/>\n<br \/>T\u00f6rene U\u015fak Vali Yard\u0131mc\u0131s\u0131 \u00d6nder Can, CHP U\u015fak Milletvekili Ali Karaoba, \u0130l Emniyet M\u00fcd\u00fcr\u00fc Mehmet Ali Kolcu, \u0130l Jandarma Komutan\u0131 K\u0131demli Albay Fahri Semiz, asker ve asker yak\u0131nlar\u0131 kat\u0131ld\u0131.<br \/><\/p>\n","protected":false},"excerpt":{"rendered":"<p>U\u015fak\u2019ta , Jandarma Te\u015fkilat\u0131\u2019n\u0131n 186. kurulu\u015f y\u0131ld\u00f6n\u00fcm\u00fc t\u00f6renle kutland\u0131. Jandarma Te\u015fkilat\u0131\u2019n\u0131n 186. Kurulu\u015f Y\u0131ld\u00f6n\u00fcm\u00fc m\u00fcnasebetiyle 15 Temmuz \u015eehitler Meydan\u0131\u2019nda t\u00f6ren d\u00fczenlendi. An\u0131ta \u00e7elenk sunumu ile ba\u015flayan t\u00f6ren, sayg\u0131 duru\u015funda bulunulmas\u0131 ve \u0130stiklal Mar\u015f\u0131\u2019n\u0131n okunmas\u0131 ile devam etti. T\u00f6rende, Jandarma\u2019n\u0131n 186 y\u0131ld\u0131r \u00fclkenin b\u00f6l\u00fcnmez b\u00fct\u00fcnl\u00fc\u011f\u00fc, milletin huzuru ve g\u00fcvenli\u011fi i\u00e7in g\u00f6rev yapt\u0131\u011f\u0131n\u0131 Jandarman\u0131n her zaman milletin&#8230;<\/p>\n","protected":false},"author":1,"featured_media":35076,"comment_status":"open","ping_status":"open","sticky":false,"template":"","format":"standard","meta":{"_crdt_document":"","footnotes":""},"categories":[5],"tags":[],"class_list":["post-35075","post","type-post","status-publish","format-standard","has-post-thumbnail","hentry","category-asayis"],"_links":{"self":[{"href":"https:\/\/www.egemtv.com\/index.php?rest_route=\/wp\/v2\/posts\/35075","targetHints":{"allow":["GET"]}}],"collection":[{"href":"https:\/\/www.egemtv.com\/index.php?rest_route=\/wp\/v2\/posts"}],"about":[{"href":"https:\/\/www.egemtv.com\/index.php?rest_route=\/wp\/v2\/types\/post"}],"author":[{"embeddable":true,"href":"https:\/\/www.egemtv.com\/index.php?rest_route=\/wp\/v2\/users\/1"}],"replies":[{"embeddable":true,"href":"https:\/\/www.egemtv.com\/index.php?rest_route=%2Fwp%2Fv2%2Fcomments&post=35075"}],"version-history":[{"count":1,"href":"https:\/\/www.egemtv.com\/index.php?rest_route=\/wp\/v2\/posts\/35075\/revisions"}],"predecessor-version":[{"id":35077,"href":"https:\/\/www.egemtv.com\/index.php?rest_route=\/wp\/v2\/posts\/35075\/revisions\/35077"}],"wp:featuredmedia":[{"embeddable":true,"href":"https:\/\/www.egemtv.com\/index.php?rest_route=\/wp\/v2\/media\/35076"}],"wp:attachment":[{"href":"https:\/\/www.egemtv.com\/index.php?rest_route=%2Fwp%2Fv2%2Fmedia&parent=35075"}],"wp:term":[{"taxonomy":"category","embeddable":true,"href":"https:\/\/www.egemtv.com\/index.php?rest_route=%2Fwp%2Fv2%2Fcategories&post=35075"},{"taxonomy":"post_tag","embeddable":true,"href":"https:\/\/www.egemtv.com\/index.php?rest_route=%2Fwp%2Fv2%2Ftags&post=35075"}],"curies":[{"name":"wp","href":"https:\/\/api.w.org\/{rel}","templated":true}]}}