{"id":35072,"date":"2025-06-14T14:16:19","date_gmt":"2025-06-14T11:16:19","guid":{"rendered":"https:\/\/www.egemtv.com\/?p=35072"},"modified":"2025-06-14T14:16:23","modified_gmt":"2025-06-14T11:16:23","slug":"aydindaki-orman-yangini-kontrol-altina-alindi-2","status":"publish","type":"post","link":"https:\/\/www.egemtv.com\/?p=35072","title":{"rendered":"Ayd\u0131n\u2019daki orman yang\u0131n\u0131 kontrol alt\u0131na al\u0131nd\u0131"},"content":{"rendered":"<p>Ayd\u0131n\u2019\u0131n Germencik il\u00e7esinde ormanl\u0131k alanda meydana gelen orman yang\u0131n\u0131 ekiplerin havadan ve karadan m\u00fcdahalesi ile kontrol alt\u0131na al\u0131nd\u0131.<\/p>\n<p>Yang\u0131n, Damp\u0131nar Mahallesi yak\u0131nlar\u0131nda saat 12.15 s\u0131ralar\u0131nda meydana geldi. Edinilen bilgiye g\u00f6re, ormanl\u0131k alandan alevlerin y\u00fckseldi\u011fini fark eden vatanda\u015flar durumu 112 Acil \u00c7a\u011fr\u0131 Merkezi\u2019ne bildirdi. \u0130hbar \u00fczerine b\u00f6lgeye itfaiye ve orman ekipleri sevk edildi. K\u0131sa s\u00fcrede yang\u0131n yerine gelen ekipler alevlere karadan m\u00fcdahale ederken, helikopter de havadan m\u00fcdahalede bulundu. Yap\u0131lan m\u00fcdahalelerin ard\u0131ndan alevlerin \u00f6n\u00fcne ge\u00e7ilerek yang\u0131n kontrol alt\u0131na al\u0131nd\u0131. B\u00f6lgede so\u011futma \u00e7al\u0131\u015fmalar\u0131n\u0131n devam etti\u011fi \u00f6\u011frenildi.<br \/><\/p>\n","protected":false},"excerpt":{"rendered":"<p>Ayd\u0131n\u2019\u0131n Germencik il\u00e7esinde ormanl\u0131k alanda meydana gelen orman yang\u0131n\u0131 ekiplerin havadan ve karadan m\u00fcdahalesi ile kontrol alt\u0131na al\u0131nd\u0131. Yang\u0131n, Damp\u0131nar Mahallesi yak\u0131nlar\u0131nda saat 12.15 s\u0131ralar\u0131nda meydana geldi. Edinilen bilgiye g\u00f6re, ormanl\u0131k alandan alevlerin y\u00fckseldi\u011fini fark eden vatanda\u015flar durumu 112 Acil \u00c7a\u011fr\u0131 Merkezi\u2019ne bildirdi. \u0130hbar \u00fczerine b\u00f6lgeye itfaiye ve orman ekipleri sevk edildi. K\u0131sa s\u00fcrede yang\u0131n&#8230;<\/p>\n","protected":false},"author":1,"featured_media":35073,"comment_status":"open","ping_status":"open","sticky":false,"template":"","format":"standard","meta":{"_crdt_document":"","footnotes":""},"categories":[5],"tags":[],"class_list":["post-35072","post","type-post","status-publish","format-standard","has-post-thumbnail","hentry","category-asayis"],"_links":{"self":[{"href":"https:\/\/www.egemtv.com\/index.php?rest_route=\/wp\/v2\/posts\/35072","targetHints":{"allow":["GET"]}}],"collection":[{"href":"https:\/\/www.egemtv.com\/index.php?rest_route=\/wp\/v2\/posts"}],"about":[{"href":"https:\/\/www.egemtv.com\/index.php?rest_route=\/wp\/v2\/types\/post"}],"author":[{"embeddable":true,"href":"https:\/\/www.egemtv.com\/index.php?rest_route=\/wp\/v2\/users\/1"}],"replies":[{"embeddable":true,"href":"https:\/\/www.egemtv.com\/index.php?rest_route=%2Fwp%2Fv2%2Fcomments&post=35072"}],"version-history":[{"count":1,"href":"https:\/\/www.egemtv.com\/index.php?rest_route=\/wp\/v2\/posts\/35072\/revisions"}],"predecessor-version":[{"id":35074,"href":"https:\/\/www.egemtv.com\/index.php?rest_route=\/wp\/v2\/posts\/35072\/revisions\/35074"}],"wp:featuredmedia":[{"embeddable":true,"href":"https:\/\/www.egemtv.com\/index.php?rest_route=\/wp\/v2\/media\/35073"}],"wp:attachment":[{"href":"https:\/\/www.egemtv.com\/index.php?rest_route=%2Fwp%2Fv2%2Fmedia&parent=35072"}],"wp:term":[{"taxonomy":"category","embeddable":true,"href":"https:\/\/www.egemtv.com\/index.php?rest_route=%2Fwp%2Fv2%2Fcategories&post=35072"},{"taxonomy":"post_tag","embeddable":true,"href":"https:\/\/www.egemtv.com\/index.php?rest_route=%2Fwp%2Fv2%2Ftags&post=35072"}],"curies":[{"name":"wp","href":"https:\/\/api.w.org\/{rel}","templated":true}]}}